{"id":167394,"date":"2023-02-22T11:39:07","date_gmt":"2023-02-22T14:39:07","guid":{"rendered":"https:\/\/portalpopmais.com.br\/?p=167394"},"modified":"2023-02-22T11:39:10","modified_gmt":"2023-02-22T14:39:10","slug":"roberto-kovalick-sala-inundada","status":"publish","type":"post","link":"https:\/\/portalpopmais.com.br\/en\/roberto-kovalick-sala-inundada\/","title":{"rendered":"V\u00eddeo: Roberto Kovalick mostra casa inundada ap\u00f3s chuvas em S\u00e3o Paulo: &#8220;Carros boiando&#8221;"},"content":{"rendered":"<p class=\"wp-block-paragraph\">O jornalista <strong><a href=\"https:\/\/portalpopmais.com.br\/en\/ao-vivo-roberto-kovalick-se-irrita-com-falha-tecnica-e-cutuca-producao-da-globo-endoidou-veja-video\/\" data-type=\"post\" data-id=\"116388\">Roberto Kovalick<\/a><\/strong>, apresentador do \u2018Hora 1\u2019  (TV Globo), publicou uma s\u00e9rie de v\u00eddeos em suas redes sociais para mostrar as consequ\u00eancias da chuva que atingiu o litoral de S\u00e3o Paulo no \u00faltimo final de semana.<\/p>\n\n\n\n<p class=\"wp-block-paragraph\">Ele est\u00e1 entre os atingidos pelas enchentes, e mostrou a sala de sua casa, que ficou completamente alagada, e tamb\u00e9m mostrou a destrui\u00e7\u00e3o que a chuva causou na cidade. Roberto ainda exibiu pessoas desabrigadas, se alimentando de marmitas.<\/p>\n\n\n\n<p class=\"wp-block-paragraph\"><em>\u201cOlha s\u00f3 como \u00e9 que est\u00e1 a rua, completamente inundada. Mais de um metro de \u00e1gua. N\u00e3o para de chover h\u00e1 mais de seis horas. Carros boiando. E olha que eu estou aqui na parte alta da rua, quem est\u00e1 na parte mais baixa est\u00e1 sofrendo mais. J\u00e1 teve fam\u00edlia sendo resgatada. N\u00e3o para de chover\u201d,<\/em> contou Kovalick.<\/p>\n\n\n\n<p class=\"wp-block-paragraph\"><em>\u201cEst\u00e1 tudo inundado aqui no t\u00e9rreo. Os sof\u00e1s boiando. Olhem a for\u00e7a da correnteza na rua. Tem muita \u00e1gua! Na sala, a gente conseguiu salvar algumas coisas. (\u2026) Tomara que a \u00e1gua abaixe logo. Tomara que tudo fique bem para todo mundo\u201d<\/em>, completou o apresentador.<\/p>\n\n\n\n<figure class=\"wp-block-embed is-type-rich is-provider-twitter wp-block-embed-twitter\"><div class=\"wp-block-embed__wrapper\">\nhttps:\/\/twitter.com\/Walnoticias\/status\/1627401204190834694\n<\/div><\/figure>","protected":false},"excerpt":{"rendered":"<p>O jornalista Roberto Kovalick, apresentador do \u2018Hora 1\u2019 (TV Globo), publicou uma s\u00e9rie de v\u00eddeos em suas redes sociais para mostrar as consequ\u00eancias da chuva que atingiu o litoral de S\u00e3o Paulo no \u00faltimo final de semana. Ele est\u00e1 entre os atingidos pelas enchentes, e mostrou a sala de sua casa, que ficou completamente alagada, [&hellip;]<\/p>\n","protected":false},"author":2,"featured_media":167397,"comment_status":"closed","ping_status":"open","sticky":false,"template":"","format":"standard","meta":{"footnotes":""},"categories":[173],"tags":[180,11239],"class_list":["post-167394","post","type-post","status-publish","format-standard","has-post-thumbnail","hentry","category-celebridades","tag-globo","tag-roberto-kovalick"],"_links":{"self":[{"href":"https:\/\/portalpopmais.com.br\/en\/wp-json\/wp\/v2\/posts\/167394","targetHints":{"allow":["GET"]}}],"collection":[{"href":"https:\/\/portalpopmais.com.br\/en\/wp-json\/wp\/v2\/posts"}],"about":[{"href":"https:\/\/portalpopmais.com.br\/en\/wp-json\/wp\/v2\/types\/post"}],"author":[{"embeddable":true,"href":"https:\/\/portalpopmais.com.br\/en\/wp-json\/wp\/v2\/users\/2"}],"replies":[{"embeddable":true,"href":"https:\/\/portalpopmais.com.br\/en\/wp-json\/wp\/v2\/comments?post=167394"}],"version-history":[{"count":0,"href":"https:\/\/portalpopmais.com.br\/en\/wp-json\/wp\/v2\/posts\/167394\/revisions"}],"wp:featuredmedia":[{"embeddable":true,"href":"https:\/\/portalpopmais.com.br\/en\/wp-json\/wp\/v2\/media\/167397"}],"wp:attachment":[{"href":"https:\/\/portalpopmais.com.br\/en\/wp-json\/wp\/v2\/media?parent=167394"}],"wp:term":[{"taxonomy":"category","embeddable":true,"href":"https:\/\/portalpopmais.com.br\/en\/wp-json\/wp\/v2\/categories?post=167394"},{"taxonomy":"post_tag","embeddable":true,"href":"https:\/\/portalpopmais.com.br\/en\/wp-json\/wp\/v2\/tags?post=167394"}],"curies":[{"name":"wp","href":"https:\/\/api.w.org\/{rel}","templated":true}]}}