{"id":167781,"date":"2023-02-24T10:00:00","date_gmt":"2023-02-24T13:00:00","guid":{"rendered":"https:\/\/portalpopmais.com.br\/?p=167781"},"modified":"2023-02-23T16:58:21","modified_gmt":"2023-02-23T19:58:21","slug":"melanie-martinez-anuncia-album-portals","status":"publish","type":"post","link":"https:\/\/portalpopmais.com.br\/en\/melanie-martinez-anuncia-album-portals\/","title":{"rendered":"Melanie Martinez\u00a0anuncia novo \u00e1lbum \u201cPORTALS\u201d"},"content":{"rendered":"<p><strong><a href=\"https:\/\/portalpopmais.com.br\/en\/melanie-martinez-confirma-novo-album-e-fala-sobre-mother-of-pearl\/\" data-type=\"post\" data-id=\"109017\">Melanie Martinez<\/a><\/strong> ressurgiu na cena musical, ao anunciar a chegada do novo e altamente aguardado \u00e1lbum,\u00a0<strong>\u201cPORTALS\u201d<\/strong>, programado para estrear no dia 31 de mar\u00e7o.<\/p>\n\n\n\n<p>\u201cPORTALS\u201d marca o primeiro lan\u00e7amento completo da cantora, compositora e cineasta de 27 anos, nascida em Nova Iorque, em quase quatro anos, ap\u00f3s a estreia segundo projeto, &#8220;K-12&#8221;, em 2019, que entrou\u00a0na lista Billboard 200. <\/p>\n\n\n\n<figure class=\"wp-block-embed is-type-rich is-provider-instagram wp-block-embed-instagram\"><div class=\"wp-block-embed__wrapper\">\nhttps:\/\/www.instagram.com\/p\/Co-BORqjyeF\/?hl=pt\n<\/div><\/figure>\n\n\n\n<p>Al\u00e9m de revelar o nome do projeto, Melanie Martinez\u00a0tamb\u00e9m divulgou a capa do disco, que gerou diversas compara\u00e7\u00f5es na internet com a est\u00e9tica usada por\u00a0<strong>Bj\u00f6rk<\/strong>\u00a0no lan\u00e7amento de<strong>\u00a0&#8220;Fossora&#8221;<\/strong>( 2022).<\/p>\n\n\n\n<p>Na capa do disco, Melanie aparece como uma criatura ficcional em meio a plantas que formam uma esp\u00e9cie de portal. Al\u00e9m disso, est\u00e1 rodeada de elementos da natureza, como cogumelos, flores e outras coisas que lembram fungos, uma das principais inspira\u00e7\u00f5es de Bj\u00f6rk.<\/p>\n\n\n\n<figure class=\"wp-block-embed is-type-rich is-provider-instagram wp-block-embed-instagram\"><div class=\"wp-block-embed__wrapper\">\nhttps:\/\/www.instagram.com\/p\/CpA312HJv1T\/?hl=pt\n<\/div><\/figure>","protected":false},"excerpt":{"rendered":"<p>Melanie Martinez ressurgiu na cena musical, ao anunciar a chegada do novo e altamente aguardado \u00e1lbum,\u00a0\u201cPORTALS\u201d, programado para estrear no dia 31 de mar\u00e7o. \u201cPORTALS\u201d marca o primeiro lan\u00e7amento completo da cantora, compositora e cineasta de 27 anos, nascida em Nova Iorque, em quase quatro anos, ap\u00f3s a estreia segundo projeto, &#8220;K-12&#8221;, em 2019, que [&hellip;]<\/p>\n","protected":false},"author":2,"featured_media":167786,"comment_status":"closed","ping_status":"open","sticky":false,"template":"","format":"standard","meta":{"footnotes":""},"categories":[154],"tags":[1778],"class_list":["post-167781","post","type-post","status-publish","format-standard","has-post-thumbnail","hentry","category-musica","tag-melanie-martinez"],"_links":{"self":[{"href":"https:\/\/portalpopmais.com.br\/en\/wp-json\/wp\/v2\/posts\/167781","targetHints":{"allow":["GET"]}}],"collection":[{"href":"https:\/\/portalpopmais.com.br\/en\/wp-json\/wp\/v2\/posts"}],"about":[{"href":"https:\/\/portalpopmais.com.br\/en\/wp-json\/wp\/v2\/types\/post"}],"author":[{"embeddable":true,"href":"https:\/\/portalpopmais.com.br\/en\/wp-json\/wp\/v2\/users\/2"}],"replies":[{"embeddable":true,"href":"https:\/\/portalpopmais.com.br\/en\/wp-json\/wp\/v2\/comments?post=167781"}],"version-history":[{"count":0,"href":"https:\/\/portalpopmais.com.br\/en\/wp-json\/wp\/v2\/posts\/167781\/revisions"}],"wp:featuredmedia":[{"embeddable":true,"href":"https:\/\/portalpopmais.com.br\/en\/wp-json\/wp\/v2\/media\/167786"}],"wp:attachment":[{"href":"https:\/\/portalpopmais.com.br\/en\/wp-json\/wp\/v2\/media?parent=167781"}],"wp:term":[{"taxonomy":"category","embeddable":true,"href":"https:\/\/portalpopmais.com.br\/en\/wp-json\/wp\/v2\/categories?post=167781"},{"taxonomy":"post_tag","embeddable":true,"href":"https:\/\/portalpopmais.com.br\/en\/wp-json\/wp\/v2\/tags?post=167781"}],"curies":[{"name":"wp","href":"https:\/\/api.w.org\/{rel}","templated":true}]}}