{"id":16809,"date":"2019-02-09T23:59:12","date_gmt":"2019-02-10T01:59:12","guid":{"rendered":"http:\/\/popmais.com.br\/?p=16809"},"modified":"2019-02-09T23:59:12","modified_gmt":"2019-02-10T01:59:12","slug":"irma-defende-paula-sobre-racismo-no-bbb19-ela-nao-e-preconceituosa-nossa-familia-e-africana","status":"publish","type":"post","link":"https:\/\/portalpopmais.com.br\/en\/irma-defende-paula-sobre-racismo-no-bbb19-ela-nao-e-preconceituosa-nossa-familia-e-africana\/","title":{"rendered":"Irm\u00e3 defende Paula sobre racismo no BBB19: \u201cEla n\u00e3o \u00e9 preconceituosa, nossa fam\u00edlia \u00e9 africana\u201d"},"content":{"rendered":"<p>A sister Paula vem causando pol\u00eamica no \u201cBBB19\u201d, ap\u00f3s fazer diversos coment\u00e1rios considerados racistas. Em conversa com o portal UOL, divulgada nesta sexta-feira (8), a irm\u00e3 da bacharel de direito, M\u00f4nica von Sperling, saiu em sua defesa.<\/p>\n<p>\u201cEla n\u00e3o \u00e9 preconceituosa. Nossa fam\u00edlia \u00e9 africana. Nossa av\u00f3 por parte de m\u00e3e \u00e9 negra. Ela j\u00e1 teve dois namorados negros. Sobre a hist\u00f3ria da agress\u00e3o, o que ela quis dizer \u00e9 que n\u00e3o s\u00e3o s\u00f3 negros e favelados que cometem crimes\u201d, disse ela.<\/p>\n<p>M\u00f4nica tamb\u00e9m afirmou que acredita que a irm\u00e3 est\u00e1 sendo verdadeira no programa. \u201cEla s\u00f3 esquece que est\u00e1 em um programa e que o Brasil est\u00e1 vendo. Por mais que ela fale sem maldade, se n\u00e3o forem colocadas [as frases] direito, elas s\u00e3o mal interpretadas\u201d, argumentou.<\/p>\n<p>\u201cEla l\u00ea muito para concursos. As frases [que Paula disse] infelizmente est\u00e3o na sociedade, mas \u2018causam\u2019 porque ela est\u00e1 na TV\u201d, concluiu ela.<\/p>\n<p>Apesar das declara\u00e7\u00f5es da irm\u00e3, Paula voltou a protagonizar mais um caso de preconceito, desta vez religioso. A sister soltou a frase &#8220;Nosso Deus \u00e9 maior&#8221;, se referindo \u00e0 religi\u00e3o de Rodrigo, praticante do candombl\u00e9.<\/p>\n<p>Assista:<\/p>\n<blockquote class=\"twitter-tweet\" data-width=\"550\" data-dnt=\"true\">\n<p lang=\"pt\" dir=\"ltr\">INTOLER\u00c2NCIA RELIGIOSA EST\u00c1 TENDO NO <a href=\"https:\/\/twitter.com\/hashtag\/BBB19?src=hash&amp;ref_src=twsrc%5Etfw\" target=\"_blank\" rel=\"noopener\">#BBB19<\/a>!<\/p>\n<p>Paula fala que tem medo de Rodrigo porque ele fala de Oxums. &quot;Nosso Deus \u00e9 maior&quot; <a href=\"https:\/\/t.co\/iX5TX64Jzf\">pic.twitter.com\/iX5TX64Jzf<\/a><\/p>\n<p>&mdash; qual \u00e9 sua senha? (@gramich) <a href=\"https:\/\/twitter.com\/gramich\/status\/1093241661008826369?ref_src=twsrc%5Etfw\" target=\"_blank\" rel=\"noopener\">February 6, 2019<\/a><\/p><\/blockquote>\n<p><script async src=\"https:\/\/platform.twitter.com\/widgets.js\" charset=\"utf-8\"><\/script><\/p>\n","protected":false},"excerpt":{"rendered":"<p>A sister Paula vem causando pol\u00eamica no \u201cBBB19\u201d, ap\u00f3s fazer diversos coment\u00e1rios considerados racistas. Em conversa com o portal UOL, divulgada nesta sexta-feira (8), a irm\u00e3 da bacharel de direito, M\u00f4nica von Sperling, saiu em sua defesa. \u201cEla n\u00e3o \u00e9 preconceituosa. Nossa fam\u00edlia \u00e9 africana. Nossa av\u00f3 por parte de m\u00e3e \u00e9 negra. Ela j\u00e1 [&hellip;]<\/p>\n","protected":false},"author":2,"featured_media":16811,"comment_status":"open","ping_status":"open","sticky":false,"template":"","format":"standard","meta":{"footnotes":""},"categories":[1],"tags":[774],"class_list":["post-16809","post","type-post","status-publish","format-standard","has-post-thumbnail","hentry","category-fire2","tag-bbb"],"_links":{"self":[{"href":"https:\/\/portalpopmais.com.br\/en\/wp-json\/wp\/v2\/posts\/16809","targetHints":{"allow":["GET"]}}],"collection":[{"href":"https:\/\/portalpopmais.com.br\/en\/wp-json\/wp\/v2\/posts"}],"about":[{"href":"https:\/\/portalpopmais.com.br\/en\/wp-json\/wp\/v2\/types\/post"}],"author":[{"embeddable":true,"href":"https:\/\/portalpopmais.com.br\/en\/wp-json\/wp\/v2\/users\/2"}],"replies":[{"embeddable":true,"href":"https:\/\/portalpopmais.com.br\/en\/wp-json\/wp\/v2\/comments?post=16809"}],"version-history":[{"count":0,"href":"https:\/\/portalpopmais.com.br\/en\/wp-json\/wp\/v2\/posts\/16809\/revisions"}],"wp:attachment":[{"href":"https:\/\/portalpopmais.com.br\/en\/wp-json\/wp\/v2\/media?parent=16809"}],"wp:term":[{"taxonomy":"category","embeddable":true,"href":"https:\/\/portalpopmais.com.br\/en\/wp-json\/wp\/v2\/categories?post=16809"},{"taxonomy":"post_tag","embeddable":true,"href":"https:\/\/portalpopmais.com.br\/en\/wp-json\/wp\/v2\/tags?post=16809"}],"curies":[{"name":"wp","href":"https:\/\/api.w.org\/{rel}","templated":true}]}}