{"id":168442,"date":"2023-02-27T21:00:14","date_gmt":"2023-02-28T00:00:14","guid":{"rendered":"https:\/\/portalpopmais.com.br\/?p=168442"},"modified":"2023-02-27T21:17:21","modified_gmt":"2023-02-28T00:17:21","slug":"sbt-nova-programacao-series-filmes-alteracoes","status":"publish","type":"post","link":"https:\/\/portalpopmais.com.br\/en\/sbt-nova-programacao-series-filmes-alteracoes\/","title":{"rendered":"SBT estreia nova programa\u00e7\u00e3o com seriados e filmes de com\u00e9dia; veja as altera\u00e7\u00f5es"},"content":{"rendered":"<p>O <strong><a href=\"https:\/\/portalpopmais.com.br\/en\/trends\/sbt\/\">SBT<\/a><\/strong> passa a ter uma nova programa\u00e7\u00e3o aos s\u00e1bados depois do <a href=\"https:\/\/portalpopmais.com.br\/en\/raul-gil-metade-tempo-programa-sbt\/\" data-type=\"post\" data-id=\"167514\">an\u00fancio de corte no tempo do programa do apresentador Raul Gil<\/a> pela metade. A emissora do Complexo Anhanguera j\u00e1 veicula um comercial informando as novidades ao p\u00fablico.<\/p>\n\n\n\n<p>Dentre elas est\u00e3o a exibi\u00e7\u00e3o de s\u00e9ries e filmes de com\u00e9dia na faixa vespertina do canal 4 de S\u00e3o Paulo. A medida vem para ampliar o faturamento da emissora. Outras mudan\u00e7as podem ser implementadas, j\u00e1 que a meta seria aplicar a faixa matinal do SBT em dias \u00fateis, hoje ocupada pelo \u2018Primeiro Impacto\u2019.<\/p>\n\n\n\n<p>O policialesco apresentado por Dudu Camargo, Marc\u00e3o do Povo e Darlisson Dutra, se arrasta por mais de sete horas ao vivo, entre 7h e 13h, com chances de ter esse tempo ampliado ap\u00f3s a sa\u00edda do \u2018Casos de Fam\u00edlia\u2019 da grade.<\/p>\n\n\n\n<p>Com as novas mudan\u00e7as, que entram em vigor a partir do dia 4 de mar\u00e7o, o canal diversifica sua programa\u00e7\u00e3o com mais atra\u00e7\u00f5es, reduzindo a maratona de quatro horas de Raul Gil.<\/p>\n\n\n\n<p>A <a href=\"https:\/\/twitter.com\/sitepopmais\" target=\"_blank\" rel=\"noopener\">TV<\/a> de Silvio Santos passa a ter de volta o \u2018Cinema em Casa\u2019. Dentro do \u2018S\u00e1bado S\u00e9rie\u2019, a s\u00e9rie in\u00e9dita \u2018Marlon\u2019 abre o bloco da faixa dessa linha de produ\u00e7\u00f5es, seguido de \u2018iCarly\u2019 e \u2018Brilhante Victoria\u2019.<\/p>\n\n\n\n<p>De volta ao canal em janeiro deste ano, \u2018Um Maluco no Peda\u00e7o\u2019 d\u00e1 sequ\u00eancia \u00e0s atra\u00e7\u00f5es do SBT aos s\u00e1bados. Em seguida, uma sess\u00e3o de filmes de com\u00e9dia, entregando a programa\u00e7\u00e3o para o \u2018Programa Raul Gil\u2019.<\/p>\n\n\n\n<h2 class=\"wp-block-heading\">Nova grade do SBT<\/h2>\n\n\n\n<ul class=\"wp-block-list\">\n<li>06h00 &#8211; S\u00e1bado Animado;<\/li>\n\n\n\n<li>12h00 &#8211; Marlon;<\/li>\n\n\n\n<li>12h30- iCarly;<\/li>\n\n\n\n<li>13h15 &#8211; Brilhante Victoria;<\/li>\n\n\n\n<li>14h15 &#8211; Um Maluco no Peda\u00e7o;<\/li>\n\n\n\n<li>15h30 &#8211; Cinema em Casa;<\/li>\n\n\n\n<li>17h30 &#8211; Programa Raul Gil<\/li>\n\n\n\n<li>19h45 &#8211; SBT Brasil<\/li>\n<\/ul>\n\n\n\n<figure class=\"wp-block-embed is-type-rich is-provider-twitter wp-block-embed-twitter\"><div class=\"wp-block-embed__wrapper\">\n<blockquote class=\"twitter-tweet\" data-width=\"550\" data-dnt=\"true\"><p lang=\"pt\" dir=\"ltr\">Confira os novos hor\u00e1rios das atra\u00e7\u00f5es de S\u00e1bado. <br><br>12h00 &#8211; Marlon <br>12h30 &#8211; I Carly <br>Em Segunda &#8211; Brilhante Victoria <br>14h15 &#8211; Um Maluco no Peda\u00e7o <br>15h30 &#8211; Cinema em casa, com Vovozona <br>17h30 &#8211; Programa Raul Gil <a href=\"https:\/\/twitter.com\/hashtag\/Marlon?src=hash&amp;ref_src=twsrc%5Etfw\" target=\"_blank\" rel=\"noopener\">#Marlon<\/a> <a href=\"https:\/\/twitter.com\/hashtag\/ICarly?src=hash&amp;ref_src=twsrc%5Etfw\" target=\"_blank\" rel=\"noopener\">#ICarly<\/a> <a href=\"https:\/\/twitter.com\/hashtag\/BrilhanteVictoria?src=hash&amp;ref_src=twsrc%5Etfw\" target=\"_blank\" rel=\"noopener\">#BrilhanteVictoria<\/a> <a href=\"https:\/\/twitter.com\/hashtag\/UmMalucoNoPeda%C3%A7o?src=hash&amp;ref_src=twsrc%5Etfw\" target=\"_blank\" rel=\"noopener\">#UmMalucoNoPeda\u00e7o<\/a> <a href=\"https:\/\/twitter.com\/hashtag\/CinemaEmCasa?src=hash&amp;ref_src=twsrc%5Etfw\" target=\"_blank\" rel=\"noopener\">#CinemaEmCasa<\/a> <a href=\"https:\/\/t.co\/yuP8br9cpY\">pic.twitter.com\/yuP8br9cpY<\/a><\/p>&mdash; Di\u00e1rio (@diariodenovelas) <a href=\"https:\/\/twitter.com\/diariodenovelas\/status\/1629557477346820097?ref_src=twsrc%5Etfw\" target=\"_blank\" rel=\"noopener\">February 25, 2023<\/a><\/blockquote><script async src=\"https:\/\/platform.twitter.com\/widgets.js\" charset=\"utf-8\"><\/script>\n<\/div><\/figure>","protected":false},"excerpt":{"rendered":"<p>O SBT passa a ter uma nova programa\u00e7\u00e3o aos s\u00e1bados depois do an\u00fancio de corte no tempo do programa do apresentador Raul Gil pela metade. A emissora do Complexo Anhanguera j\u00e1 veicula um comercial informando as novidades ao p\u00fablico. Dentre elas est\u00e3o a exibi\u00e7\u00e3o de s\u00e9ries e filmes de com\u00e9dia na faixa vespertina do canal [&hellip;]<\/p>\n","protected":false},"author":2,"featured_media":162858,"comment_status":"closed","ping_status":"open","sticky":false,"template":"","format":"standard","meta":{"footnotes":""},"categories":[181],"tags":[403],"class_list":["post-168442","post","type-post","status-publish","format-standard","has-post-thumbnail","hentry","category-televisao","tag-sbt"],"_links":{"self":[{"href":"https:\/\/portalpopmais.com.br\/en\/wp-json\/wp\/v2\/posts\/168442","targetHints":{"allow":["GET"]}}],"collection":[{"href":"https:\/\/portalpopmais.com.br\/en\/wp-json\/wp\/v2\/posts"}],"about":[{"href":"https:\/\/portalpopmais.com.br\/en\/wp-json\/wp\/v2\/types\/post"}],"author":[{"embeddable":true,"href":"https:\/\/portalpopmais.com.br\/en\/wp-json\/wp\/v2\/users\/2"}],"replies":[{"embeddable":true,"href":"https:\/\/portalpopmais.com.br\/en\/wp-json\/wp\/v2\/comments?post=168442"}],"version-history":[{"count":0,"href":"https:\/\/portalpopmais.com.br\/en\/wp-json\/wp\/v2\/posts\/168442\/revisions"}],"wp:featuredmedia":[{"embeddable":true,"href":"https:\/\/portalpopmais.com.br\/en\/wp-json\/wp\/v2\/media\/162858"}],"wp:attachment":[{"href":"https:\/\/portalpopmais.com.br\/en\/wp-json\/wp\/v2\/media?parent=168442"}],"wp:term":[{"taxonomy":"category","embeddable":true,"href":"https:\/\/portalpopmais.com.br\/en\/wp-json\/wp\/v2\/categories?post=168442"},{"taxonomy":"post_tag","embeddable":true,"href":"https:\/\/portalpopmais.com.br\/en\/wp-json\/wp\/v2\/tags?post=168442"}],"curies":[{"name":"wp","href":"https:\/\/api.w.org\/{rel}","templated":true}]}}