{"id":17002,"date":"2019-02-13T11:16:19","date_gmt":"2019-02-13T13:16:19","guid":{"rendered":"http:\/\/popmais.com.br\/?p=17002"},"modified":"2019-02-13T11:16:19","modified_gmt":"2019-02-13T13:16:19","slug":"maria-julia-coutinho-sera-a-primeira-negra-na-bancada-do-jornal-nacional","status":"publish","type":"post","link":"https:\/\/portalpopmais.com.br\/en\/maria-julia-coutinho-sera-a-primeira-negra-na-bancada-do-jornal-nacional\/","title":{"rendered":"Maria J\u00falia Coutinho ser\u00e1 a primeira negra na bancada do Jornal Nacional"},"content":{"rendered":"<p>Sucesso como garota do tempo, e ap\u00f3s um trabalho excepcional ancorando a cobertura da trag\u00e9dia de Brumadinho no Jornal Hoje do \u00faltimo dia 26 de janeiro, Maria J\u00falia Coutinho acaba de ser promovida na Globo.&nbsp;<\/p>\n<p>https:\/\/www.youtube.com\/watch?v=R62P_ExFTUk<\/p>\n<p>A jornalista entra para o rod\u00edzio de apresentadores do Jornal Nacional, e estreia neste s\u00e1bado(16) na bancada do telejornal. A informa\u00e7\u00e3o foi divulgada pelo site <a href=\"https:\/\/m.natelinha.uol.com.br\/televisao\/2019\/02\/13\/maria-julia-coutinho-sera-a-primeira-mulher-negra-na-bancada-do-jornal-nacional-124812.php#\" target=\"_blank\" rel=\"noopener\"><strong>Na Telinha<\/strong><\/a>, do <strong>UOL<\/strong>.<\/p>\n<p>Lan\u00e7ado em 1969, a primeira mulher negra a aparecer no JN foi <strong>Gl\u00f3ria Maria<\/strong> em 1977. Desde ent\u00e3o <strong>Heraldo Pereira<\/strong> entrou para o rod\u00edzio de apresentadores em 2002 e apenas agora, dezessete anos depois, Maria J\u00falia se torna a primeira mulher negra a sentar na bancada do principal notici\u00e1rio do pa\u00eds.<\/p>\n<p>&nbsp;<\/p>\n<p>Parab\u00e9ns!<\/p>","protected":false},"excerpt":{"rendered":"<p>Sucesso como garota do tempo, e ap\u00f3s um trabalho excepcional ancorando a cobertura da trag\u00e9dia de Brumadinho no Jornal Hoje do \u00faltimo dia 26 de janeiro, Maria J\u00falia Coutinho acaba de ser promovida na Globo.&nbsp; https:\/\/www.youtube.com\/watch?v=R62P_ExFTUk A jornalista entra para o rod\u00edzio de apresentadores do Jornal Nacional, e estreia neste s\u00e1bado(16) na bancada do telejornal. [&hellip;]<\/p>\n","protected":false},"author":2,"featured_media":17003,"comment_status":"open","ping_status":"open","sticky":false,"template":"","format":"standard","meta":{"footnotes":""},"categories":[181],"tags":[1434,1665],"class_list":["post-17002","post","type-post","status-publish","format-standard","has-post-thumbnail","hentry","category-televisao","tag-jornal-nacional","tag-tv-globo"],"_links":{"self":[{"href":"https:\/\/portalpopmais.com.br\/en\/wp-json\/wp\/v2\/posts\/17002","targetHints":{"allow":["GET"]}}],"collection":[{"href":"https:\/\/portalpopmais.com.br\/en\/wp-json\/wp\/v2\/posts"}],"about":[{"href":"https:\/\/portalpopmais.com.br\/en\/wp-json\/wp\/v2\/types\/post"}],"author":[{"embeddable":true,"href":"https:\/\/portalpopmais.com.br\/en\/wp-json\/wp\/v2\/users\/2"}],"replies":[{"embeddable":true,"href":"https:\/\/portalpopmais.com.br\/en\/wp-json\/wp\/v2\/comments?post=17002"}],"version-history":[{"count":0,"href":"https:\/\/portalpopmais.com.br\/en\/wp-json\/wp\/v2\/posts\/17002\/revisions"}],"wp:featuredmedia":[{"embeddable":true,"href":"https:\/\/portalpopmais.com.br\/en\/wp-json\/"}],"wp:attachment":[{"href":"https:\/\/portalpopmais.com.br\/en\/wp-json\/wp\/v2\/media?parent=17002"}],"wp:term":[{"taxonomy":"category","embeddable":true,"href":"https:\/\/portalpopmais.com.br\/en\/wp-json\/wp\/v2\/categories?post=17002"},{"taxonomy":"post_tag","embeddable":true,"href":"https:\/\/portalpopmais.com.br\/en\/wp-json\/wp\/v2\/tags?post=17002"}],"curies":[{"name":"wp","href":"https:\/\/api.w.org\/{rel}","templated":true}]}}