{"id":171091,"date":"2023-03-14T10:33:51","date_gmt":"2023-03-14T13:33:51","guid":{"rendered":"https:\/\/portalpopmais.com.br\/?p=171091"},"modified":"2023-03-14T10:34:02","modified_gmt":"2023-03-14T13:34:02","slug":"sarah-ricardo-racismo-bbb23","status":"publish","type":"post","link":"https:\/\/portalpopmais.com.br\/en\/sarah-ricardo-racismo-bbb23\/","title":{"rendered":"BBB23: Sarah aponta &#8216;racismo estrutural&#8217; em atitudes do Quarto Deserto com Ricardo Alface; veja v\u00eddeo"},"content":{"rendered":"<p class=\"wp-block-paragraph\"><strong>Ricado Alface<\/strong> voltou a ser alvo do Quarto Deserto durante o <a href=\"http:\/\/instagram.com\/bbb\" target=\"_blank\" rel=\"noopener\">Jogo da Disc\u00f3rdia<\/a>. O brother e seus ex-aliados trocaram farpas durante o programa ao vivo e atreta se estendeu pela madrugada.<\/p>\n\n\n\n<p class=\"wp-block-paragraph\">Alface foi chamado novamente de &#8220;reativo&#8221;, &#8220;raivoso&#8221;, &#8220;machista&#8221; e outros xingamentos por parte do grupo.<\/p>\n\n\n\n<h2 class=\"wp-block-heading\">Veja tamb\u00e9m<\/h2>\n\n\n<ul class=\"wp-block-latest-posts__list is-grid aligncenter wp-block-latest-posts is-layout-flow wp-block-latest-posts-is-layout-flow\"><li><div class=\"wp-block-latest-posts__featured-image aligncenter\"><a href=\"https:\/\/portalpopmais.com.br\/en\/patricia-ramos-anuncia-fim-do-namoro-com-modelo-apos-dois-meses-e-responde-criticas-manda-curriculo\/\" aria-label=\"Patr\u00edcia Ramos anuncia fim do namoro com modelo ap\u00f3s dois meses e responde cr\u00edticas: &#8220;Manda curr\u00edculo&#8221;\"><img loading=\"lazy\" decoding=\"async\" width=\"768\" height=\"456\" src=\"https:\/\/portalpopmais.com.br\/wp-content\/uploads\/2026\/09\/texto-do-seu-paragrafo-2026-09-01t165110.515-768x456.jpeg\" class=\"attachment-medium size-medium wp-post-image\" alt=\"texto do seu paragrafo 2026 09 01t165110.515\" style=\"\" srcset=\"https:\/\/portalpopmais.com.br\/wp-content\/uploads\/2026\/09\/texto-do-seu-paragrafo-2026-09-01t165110.515-768x456.jpeg 768w, https:\/\/portalpopmais.com.br\/wp-content\/uploads\/2026\/09\/texto-do-seu-paragrafo-2026-09-01t165110.515-18x12.jpeg 18w\" sizes=\"auto, (max-width: 768px) 100vw, 768px\" title=\"\"><\/a><\/div><a class=\"wp-block-latest-posts__post-title\" href=\"https:\/\/portalpopmais.com.br\/en\/patricia-ramos-anuncia-fim-do-namoro-com-modelo-apos-dois-meses-e-responde-criticas-manda-curriculo\/\">Patr\u00edcia Ramos anuncia fim do namoro com modelo ap\u00f3s dois meses e responde cr\u00edticas: &#8220;Manda curr\u00edculo&#8221;<\/a><\/li>\n<li><div class=\"wp-block-latest-posts__featured-image aligncenter\"><a href=\"https:\/\/portalpopmais.com.br\/en\/esposa-tenta-convencer-roberto-justus-a-comer-escorpiao-e-grilo-durante-viagem-a-china\/\" aria-label=\"Esposa tenta convencer Roberto Justus a comer escorpi\u00e3o e grilo durante viagem \u00e0 China\"><img loading=\"lazy\" decoding=\"async\" width=\"768\" height=\"456\" src=\"https:\/\/portalpopmais.com.br\/wp-content\/uploads\/2026\/09\/image-16-768x456.png\" class=\"attachment-medium size-medium wp-post-image\" alt=\"image\" style=\"\" srcset=\"https:\/\/portalpopmais.com.br\/wp-content\/uploads\/2026\/09\/image-16-768x456.png 768w, https:\/\/portalpopmais.com.br\/wp-content\/uploads\/2026\/09\/image-16-18x10.png 18w, https:\/\/portalpopmais.com.br\/wp-content\/uploads\/2026\/09\/image-16-1170x694.png 1170w\" sizes=\"auto, (max-width: 768px) 100vw, 768px\" title=\"\"><\/a><\/div><a class=\"wp-block-latest-posts__post-title\" href=\"https:\/\/portalpopmais.com.br\/en\/esposa-tenta-convencer-roberto-justus-a-comer-escorpiao-e-grilo-durante-viagem-a-china\/\">Esposa tenta convencer Roberto Justus a comer escorpi\u00e3o e grilo durante viagem \u00e0 China<\/a><\/li>\n<li><div class=\"wp-block-latest-posts__featured-image aligncenter\"><a href=\"https:\/\/portalpopmais.com.br\/en\/harry-e-meghan-matriculam-archie-e-lilibet-em-escola-de-elite-com-mensalidade-superior-a-r-180-mil-por-ano\/\" aria-label=\"Harry e Meghan matriculam Archie e Lilibet em escola de elite com mensalidade superior a R$ 180 mil por ano\"><img loading=\"lazy\" decoding=\"async\" width=\"768\" height=\"456\" src=\"https:\/\/portalpopmais.com.br\/wp-content\/uploads\/2026\/09\/meghan-1766157304-3791124706129706755-54096840309-1--768x456.jpg\" class=\"attachment-medium size-medium wp-post-image\" alt=\"meghan 1766157304 3791124706129706755 54096840309 1\" style=\"\" srcset=\"https:\/\/portalpopmais.com.br\/wp-content\/uploads\/2026\/09\/meghan-1766157304-3791124706129706755-54096840309-1--768x456.jpg 768w, https:\/\/portalpopmais.com.br\/wp-content\/uploads\/2026\/09\/meghan-1766157304-3791124706129706755-54096840309-1--18x12.jpg 18w\" sizes=\"auto, (max-width: 768px) 100vw, 768px\" title=\"\"><\/a><\/div><a class=\"wp-block-latest-posts__post-title\" href=\"https:\/\/portalpopmais.com.br\/en\/harry-e-meghan-matriculam-archie-e-lilibet-em-escola-de-elite-com-mensalidade-superior-a-r-180-mil-por-ano\/\">Harry e Meghan matriculam Archie e Lilibet em escola de elite com mensalidade superior a R$ 180 mil por ano<\/a><\/li>\n<li><div class=\"wp-block-latest-posts__featured-image aligncenter\"><a href=\"https:\/\/portalpopmais.com.br\/en\/simone-mendes-e-alvo-de-acao-de-r-13-milhao-apos-desabamento-atingir-casa-de-guitarrista-do-tihuana\/\" aria-label=\"Simone Mendes \u00e9 alvo de a\u00e7\u00e3o de R$ 1,3 milh\u00e3o ap\u00f3s desabamento atingir casa de guitarrista do Tihuana\"><img loading=\"lazy\" decoding=\"async\" width=\"768\" height=\"456\" src=\"https:\/\/portalpopmais.com.br\/wp-content\/uploads\/2022\/08\/WhatsApp-Image-2022-08-24-at-14.21.33-768x456.jpeg\" class=\"attachment-medium size-medium wp-post-image\" alt=\"Simone Mendes - Foto: Marcio Amaral\" style=\"\" title=\"\"><\/a><\/div><a class=\"wp-block-latest-posts__post-title\" href=\"https:\/\/portalpopmais.com.br\/en\/simone-mendes-e-alvo-de-acao-de-r-13-milhao-apos-desabamento-atingir-casa-de-guitarrista-do-tihuana\/\">Simone Mendes \u00e9 alvo de a\u00e7\u00e3o de R$ 1,3 milh\u00e3o ap\u00f3s desabamento atingir casa de guitarrista do Tihuana<\/a><\/li>\n<li><div class=\"wp-block-latest-posts__featured-image aligncenter\"><a href=\"https:\/\/portalpopmais.com.br\/en\/lionel-richie-investigacao-problema-cardiaco\/\" aria-label=\"Lionel Richie segue internado na UTI e m\u00e9dicos investigam problemas card\u00edacos\"><img loading=\"lazy\" decoding=\"async\" width=\"768\" height=\"456\" src=\"https:\/\/portalpopmais.com.br\/wp-content\/uploads\/2025\/09\/lionel-richie-live-2023-getty-768x456.jpg\" class=\"attachment-medium size-medium wp-post-image\" alt=\"\" style=\"\" srcset=\"https:\/\/portalpopmais.com.br\/wp-content\/uploads\/2025\/09\/lionel-richie-live-2023-getty-768x456.jpg 768w, https:\/\/portalpopmais.com.br\/wp-content\/uploads\/2025\/09\/lionel-richie-live-2023-getty-1170x694.jpg 1170w, https:\/\/portalpopmais.com.br\/wp-content\/uploads\/2025\/09\/lionel-richie-live-2023-getty-18x12.jpg 18w\" sizes=\"auto, (max-width: 768px) 100vw, 768px\" title=\"\"><\/a><\/div><a class=\"wp-block-latest-posts__post-title\" href=\"https:\/\/portalpopmais.com.br\/en\/lionel-richie-investigacao-problema-cardiaco\/\">Lionel Richie segue internado na UTI e m\u00e9dicos investigam problemas card\u00edacos<\/a><\/li>\n<li><div class=\"wp-block-latest-posts__featured-image aligncenter\"><a href=\"https:\/\/portalpopmais.com.br\/en\/morre-gracindo-jr\/\" aria-label=\"Morre o ator e diretor Gracindo Jr., aos 83 anos\"><img loading=\"lazy\" decoding=\"async\" width=\"768\" height=\"456\" src=\"https:\/\/portalpopmais.com.br\/wp-content\/uploads\/2026\/09\/morre-gracindo-jr-768x456.png\" class=\"attachment-medium size-medium wp-post-image\" alt=\"morre gracindo jr\" style=\"\" srcset=\"https:\/\/portalpopmais.com.br\/wp-content\/uploads\/2026\/09\/morre-gracindo-jr-768x456.png 768w, https:\/\/portalpopmais.com.br\/wp-content\/uploads\/2026\/09\/morre-gracindo-jr-1170x694.png 1170w, https:\/\/portalpopmais.com.br\/wp-content\/uploads\/2026\/09\/morre-gracindo-jr-18x12.png 18w\" sizes=\"auto, (max-width: 768px) 100vw, 768px\" title=\"\"><\/a><\/div><a class=\"wp-block-latest-posts__post-title\" href=\"https:\/\/portalpopmais.com.br\/en\/morre-gracindo-jr\/\">Morre o ator e diretor Gracindo Jr., aos 83 anos<\/a><\/li>\n<\/ul>\n\n\n<p class=\"wp-block-paragraph\">Em conversa com <strong><a href=\"https:\/\/portalpopmais.com.br\/en\/video-sarah-aline-atende-o-big-fone-e-indica-cara-de-sapato-ao-paredao\/\" data-type=\"post\" data-id=\"168173\">Sarah<\/a><\/strong>, o biom\u00e9dico se defendeu, dizendo que apenas reage como qualquer pessoa reagiria quando est\u00e1 em uma discuss\u00e3o. Ele ainda disse que n\u00e3o entende o &#8220;dois pesos, duas medidas&#8221; que acontece com ele.<\/p>\n\n\n\n<p class=\"wp-block-paragraph\">Sarah, no entanto, apontou que trata-se de racismo estrutural. Isso justificaria as rea\u00e7\u00f5es dos brothers a uma briga de Ricardo, quando at\u00e9 sua postura \u00e9 vista como agressiva, e as de Bruna Griphao, que mesmo alterando seu tom de voz e agindo de forma grosseira, n\u00e3o s\u00e3o.<\/p>\n\n\n\n<figure class=\"wp-block-embed is-type-rich is-provider-twitter wp-block-embed-twitter\"><div class=\"wp-block-embed__wrapper\">\n<blockquote class=\"twitter-tweet\" data-width=\"550\" data-dnt=\"true\"><p lang=\"pt\" dir=\"ltr\">Biel, Sarah e Marvv acordam para a realidade e finalmente tiram as vendas dos olhos para o racismo apontado no <a href=\"https:\/\/twitter.com\/hashtag\/BBB23?src=hash&amp;ref_src=twsrc%5Etfw\" target=\"_blank\" rel=\"noopener\">#BBB23<\/a>. Pretos s\u00e3o vistos como agressivos na casa, isso j\u00e1 ocorre desde Fred Nic\u00e1cio.<a href=\"https:\/\/t.co\/LtJQbDZREi\">pic.twitter.com\/LtJQbDZREi<\/a><\/p>&mdash; Portal POP Mais (@sitepopmais) <a href=\"https:\/\/twitter.com\/sitepopmais\/status\/1635630930659295238?ref_src=twsrc%5Etfw\" target=\"_blank\" rel=\"noopener\">March 14, 2023<\/a><\/blockquote><script async src=\"https:\/\/platform.twitter.com\/widgets.js\" charset=\"utf-8\"><\/script>\n<\/div><\/figure>","protected":false},"excerpt":{"rendered":"<p>Ricado Alface voltou a ser alvo do Quarto Deserto durante o Jogo da Disc\u00f3rdia. O brother e seus ex-aliados trocaram farpas durante o programa ao vivo e atreta se estendeu pela madrugada. Alface foi chamado novamente de &#8220;reativo&#8221;, &#8220;raivoso&#8221;, &#8220;machista&#8221; e outros xingamentos por parte do grupo. Veja tamb\u00e9m Em conversa com Sarah, o biom\u00e9dico [&hellip;]<\/p>\n","protected":false},"author":2,"featured_media":171096,"comment_status":"closed","ping_status":"open","sticky":false,"template":"","format":"standard","meta":{"footnotes":""},"categories":[1],"tags":[11142,14271,8168],"class_list":["post-171091","post","type-post","status-publish","format-standard","has-post-thumbnail","hentry","category-fire2","tag-bbb23","tag-ricardo-alface","tag-sarah"],"_links":{"self":[{"href":"https:\/\/portalpopmais.com.br\/en\/wp-json\/wp\/v2\/posts\/171091","targetHints":{"allow":["GET"]}}],"collection":[{"href":"https:\/\/portalpopmais.com.br\/en\/wp-json\/wp\/v2\/posts"}],"about":[{"href":"https:\/\/portalpopmais.com.br\/en\/wp-json\/wp\/v2\/types\/post"}],"author":[{"embeddable":true,"href":"https:\/\/portalpopmais.com.br\/en\/wp-json\/wp\/v2\/users\/2"}],"replies":[{"embeddable":true,"href":"https:\/\/portalpopmais.com.br\/en\/wp-json\/wp\/v2\/comments?post=171091"}],"version-history":[{"count":0,"href":"https:\/\/portalpopmais.com.br\/en\/wp-json\/wp\/v2\/posts\/171091\/revisions"}],"wp:featuredmedia":[{"embeddable":true,"href":"https:\/\/portalpopmais.com.br\/en\/wp-json\/wp\/v2\/media\/171096"}],"wp:attachment":[{"href":"https:\/\/portalpopmais.com.br\/en\/wp-json\/wp\/v2\/media?parent=171091"}],"wp:term":[{"taxonomy":"category","embeddable":true,"href":"https:\/\/portalpopmais.com.br\/en\/wp-json\/wp\/v2\/categories?post=171091"},{"taxonomy":"post_tag","embeddable":true,"href":"https:\/\/portalpopmais.com.br\/en\/wp-json\/wp\/v2\/tags?post=171091"}],"curies":[{"name":"wp","href":"https:\/\/api.w.org\/{rel}","templated":true}]}}