{"id":17165,"date":"2019-02-15T14:09:25","date_gmt":"2019-02-15T16:09:25","guid":{"rendered":"http:\/\/popmais.com.br\/?p=17165"},"modified":"2019-02-15T14:09:25","modified_gmt":"2019-02-15T16:09:25","slug":"paula-afirma-ter-sido-possuida-por-demonio-no-bbb19","status":"publish","type":"post","link":"https:\/\/portalpopmais.com.br\/en\/paula-afirma-ter-sido-possuida-por-demonio-no-bbb19\/","title":{"rendered":"Paula afirma ter sido possu\u00edda por dem\u00f4nio no BBB19"},"content":{"rendered":"<p>Na quinta-feira (14) a mineira Paula contou que j\u00e1 foi possu\u00edda por um esp\u00edrito demon\u00edaco. Segundo a sister <em>&#8220;Eu comecei a rosnar e lutar para acordar, esse esp\u00edrito demon\u00edaco precisava sair de mim. Eu conseguir abrir meu olho bem forte e me virar. A\u00ed fui falar com a Hary e comecei a chorar&#8221;.<\/em><\/p>\n<p>Paula chegou assustada na cozinha e revelou ao participante Maycon sobre um sonho &#8220;<em>Eu contei pra Tereza de um sonho meu: entrou um esp\u00edrito em mim. Um senhora colocou a m\u00e3o na minha cabe\u00e7a e pediu para olhar para ela, mas eu n\u00e3o conseguia. Ela falou que ia virar a cara para ver meu olho para orar mais.\u00a0Eu comecei na vida real, aqui mesmo, batendo a cabe\u00e7a. N\u00e3o sei o que aconteceu\u201d<\/em>.<\/p>\n<p>A bacharel de direito contou &#8220;<em>Eu comecei a bater a cabe\u00e7a e ela orando para mim. Eu n\u00e3o consigo fazer aqui para voc\u00ea ver, mas tava com o consciente acordado. Eu queria que ela me ajudasse. Eu acordei e pensei: \u2018Que mico\u2019. Mas a\u00ed eu tive uma vis\u00e3o de duas senhoras no vidro do meu lado, mas n\u00e3o era ela. Mas uma delas fez cara de capeta no vidro e eu precisei voltar pro meu sonho para continuar, mas quando voltei eu j\u00e1 tava vulner\u00e1vel. A\u00ed eu notei que eu n\u00e3o tinha dormido ainda, \u00e9 a terceira vez que isso acontece comigo na vida, eu n\u00e3o conseguia me mover&#8221;.<\/em><\/p>\n<p>Ap\u00f3s a revela\u00e7\u00e3o da sister, Maycon decidiu da a sua vers\u00e3o do que pode ter acontecido com a mineira &#8220;V<em>ou te explicar o que aconteceu:\u00a0minha prima come\u00e7ou a fazer umas paradas assim. Mas antes disso, tinham feito\u00a0trabalhos contra ela perto de casa, em uma encruzilhada. Do nada ela come\u00e7ava a sentir essas coisas perto dela. Eu acredito que no seu caso\u00a0foi um sonho que voc\u00ea achou que tava acordada, mas tava dormindo&#8221;.<\/em><\/p>\n<p>&nbsp;<\/p>\n<p><img decoding=\"async\" class=\"aligncenter\" src=\"https:\/\/thumbs.gfycat.com\/GloriousEnragedComet-size_restricted.gif\" alt=\"Resultado de imagem para demonio gif\" title=\"\"><\/p>\n<p>&nbsp;<\/p>\n<p>&nbsp;<\/p>","protected":false},"excerpt":{"rendered":"<p>Na quinta-feira (14) a mineira Paula contou que j\u00e1 foi possu\u00edda por um esp\u00edrito demon\u00edaco. Segundo a sister &#8220;Eu comecei a rosnar e lutar para acordar, esse esp\u00edrito demon\u00edaco precisava sair de mim. Eu conseguir abrir meu olho bem forte e me virar. A\u00ed fui falar com a Hary e comecei a chorar&#8221;. Paula chegou [&hellip;]<\/p>\n","protected":false},"author":2,"featured_media":17166,"comment_status":"open","ping_status":"open","sticky":false,"template":"","format":"standard","meta":{"footnotes":""},"categories":[1],"tags":[774],"class_list":["post-17165","post","type-post","status-publish","format-standard","has-post-thumbnail","hentry","category-fire2","tag-bbb"],"_links":{"self":[{"href":"https:\/\/portalpopmais.com.br\/en\/wp-json\/wp\/v2\/posts\/17165","targetHints":{"allow":["GET"]}}],"collection":[{"href":"https:\/\/portalpopmais.com.br\/en\/wp-json\/wp\/v2\/posts"}],"about":[{"href":"https:\/\/portalpopmais.com.br\/en\/wp-json\/wp\/v2\/types\/post"}],"author":[{"embeddable":true,"href":"https:\/\/portalpopmais.com.br\/en\/wp-json\/wp\/v2\/users\/2"}],"replies":[{"embeddable":true,"href":"https:\/\/portalpopmais.com.br\/en\/wp-json\/wp\/v2\/comments?post=17165"}],"version-history":[{"count":0,"href":"https:\/\/portalpopmais.com.br\/en\/wp-json\/wp\/v2\/posts\/17165\/revisions"}],"wp:attachment":[{"href":"https:\/\/portalpopmais.com.br\/en\/wp-json\/wp\/v2\/media?parent=17165"}],"wp:term":[{"taxonomy":"category","embeddable":true,"href":"https:\/\/portalpopmais.com.br\/en\/wp-json\/wp\/v2\/categories?post=17165"},{"taxonomy":"post_tag","embeddable":true,"href":"https:\/\/portalpopmais.com.br\/en\/wp-json\/wp\/v2\/tags?post=17165"}],"curies":[{"name":"wp","href":"https:\/\/api.w.org\/{rel}","templated":true}]}}