{"id":172085,"date":"2023-03-18T12:00:00","date_gmt":"2023-03-18T15:00:00","guid":{"rendered":"https:\/\/portalpopmais.com.br\/?p=172085"},"modified":"2023-03-18T12:01:28","modified_gmt":"2023-03-18T15:01:28","slug":"sbt-esquece-inovacao-mix-existe-opiniao","status":"publish","type":"post","link":"https:\/\/portalpopmais.com.br\/en\/sbt-esquece-inovacao-mix-existe-opiniao\/","title":{"rendered":"Projeto do SBT esquece inova\u00e7\u00e3o com mix do que j\u00e1 existe no canal"},"content":{"rendered":"<p>O \u2018<strong><a href=\"https:\/\/portalpopmais.com.br\/en\/sbt-news-na-tv-estreia-com-mais-audiencia-que-reprise-de-jornal-do-horario-nobre-veja-o-levantamento\/\" data-type=\"post\" data-id=\"161473\">SBT News na TV<\/a><\/strong>\u2019 completou dois meses no ar na \u00faltima sexta-feira (17) com questionamentos sobre o que era para ser um projeto de inovar o departamento jornal\u00edstico e a programa\u00e7\u00e3o do canal em meio ao naufr\u00e1gio vivenciado no canal 4 de S\u00e3o Paulo. O que deveria ser algo novo n\u00e3o passa de um mix do que j\u00e1 existe na programa\u00e7\u00e3o.<\/p>\n\n\n\n<p>Com mais de tr\u00eas horas no ar, o programa conta com reportagens, participa\u00e7\u00f5es ao vivo ao estilo do policialesco \u2018Primeiro Impacto\u2019, reprise de programas do streaming do canal, como \u2018Poder Expresso\u2019, al\u00e9m da reapresenta\u00e7\u00e3o de atra\u00e7\u00f5es de uma de suas filiais, no caso a do Rio de Janeiro, que possui programas locais ao longo da semana no jornalismo, esporte e entretenimento.<\/p>\n\n\n\n<p>Ao usar o fato do dono da emissora n\u00e3o estar por perto para dar o aval de autoriza\u00e7\u00e3o para o projeto ir para o ar, o setor respons\u00e1vel pelo jornal esquece do que \u00e9 posto em quase quatro horas \u2018ao vivo\u2019. E n\u00e3o \u00e9 necess\u00e1rio ir longe para entender a din\u00e2mica do antigo \u2018SBT Not\u00edcias\u2019, que reexibia reportagens ao longo da madrugada, considerando o fato de que ao passar das horas, o p\u00fablico vai variando, com pessoas que chegam e saem para trabalhar, ou quem atua ao longo da transi\u00e7\u00e3o entre noite e manh\u00e3.<\/p>\n\n\n\n<p>Com escala de <a href=\"https:\/\/twitter.com\/sitepopmais\" data-type=\"URL\" data-id=\"https:\/\/twitter.com\/sitepopmais\" target=\"_blank\" rel=\"noopener\">apresentadores<\/a>, o projeto que durou tr\u00eas anos mesmo formato, deu oportunidade aos rep\u00f3rteres que iam para a bancada de um produto de sucesso para o SBT. Com a din\u00e2mica, o jornal conseguia monitorar mais de perto os acontecimentos de \u00faltima hora na sua faixa de exibi\u00e7\u00e3o, como o acidente da Chapecoense em novembro de 2017 e a queda de um pr\u00e9dio em S\u00e3o Paulo em maio do ano seguinte.<\/p>\n\n\n\n<h2 class=\"wp-block-heading\">Canal precisa refor\u00e7ar o conceito de jornalismo<\/h2>\n\n\n\n<p>Com a escalada de horas do jornalismo policial, vencendo da Record e sendo amea\u00e7ada pela Band, o SBT necessita de uma reformula\u00e7\u00e3o em seus produtos jornal\u00edsticos, com mais maestria entre suas filiadas e afiliadas. A exemplo da Globo e da Record, o jornalismo local possui amplo espa\u00e7o. Para quem \u00e9 parceria da emissora de Silvio Santos, n\u00e3o se tem espa\u00e7o ao longo do dia, a exce\u00e7\u00e3o de embates esportivos.<\/p>\n\n\n\n<p>As mudan\u00e7as j\u00e1 come\u00e7aram, como o novo \u2018Fofocalizando\u2019 a partir de segunda (20). Outras novidades foram anunciadas, sem dar pistas de onde venham essas altera\u00e7\u00f5es. At\u00e9 ent\u00e3o a prioridade era as grades de fim de semana e matinal em dias \u00fateis, ocupadas pelo programa de Eduardo Camargo, Marc\u00e3o do Povo e Darlisson Dutra.&nbsp;<\/p>\n\n\n\n<p>O atual \u2018SBT News\u2019 que foi al\u00e9m do \u2018SBT Not\u00edcias\u2019 com Dutra, que durou 45 dias, era um desejo do departamento de jornalismo do canal. Mas s\u00f3 esqueceram de dizer que a atra\u00e7\u00e3o seria um repeteco do que j\u00e1 ocorreu na semana na \u00e1rea de entretenimento. Quatro horas no ar, h\u00e1 mudan\u00e7as nas informa\u00e7\u00f5es com not\u00edcias de \u00faltima hora, e chega a ser compreens\u00edvel a chamada repeti\u00e7\u00e3o de assunto.<\/p>\n\n\n\n<p>Apesar disso, n\u00e3o chega a ser motivo de reprisar at\u00e9 um programa de uma filial, ainda mais de entretenimento. Na semana, o jornal\u00edstico fica entre 1,7 e 2,1 pontos. Aos s\u00e1bados e domingos, de 1,1 a 1,4 na Grande S\u00e3o Paulo. O considerado suficiente pra vencer quem coloca programa\u00e7\u00e3o da Universal, no caso da Record. At\u00e9 a Band vem sendo motivo de o canal da Barra Funda mudar isso para n\u00e3o perder para a concorrente do Morumbi.<\/p>\n\n\n\n<p>Considerando todos os telejornais das quatro principais emissoras, o SBT saiu de quarto para segundo lugar em dura\u00e7\u00e3o geral de seus notici\u00e1rios, de 45 minutos do \u2018SBT Brasil\u2019 para 4 horas e 45 minutos, atr\u00e1s da Band com 5 horas e meia e a Globo com 6 horas. A Record aparece com 2 horas e 51 minutos, relevando o \u2018Fala Brasil\u2019, \u2018Jornal da Record\u2019 e os boletins \u2018JR 24h\u2019.<\/p>\n\n\n\n<p>O tempo dos notici\u00e1rios diz muito da prioridade das emissoras para o jornalismo, ao desejo do p\u00fablico e atendendo as demandas do mercado publicit\u00e1rio. N\u00e3o \u00e9 tudo, mas um canal que n\u00e3o d\u00e1 import\u00e2ncia a isso, amplia seu espa\u00e7o para a desinforma\u00e7\u00e3o em meio a tempos em que estar atualizado das not\u00edcias nunca foi t\u00e3o necess\u00e1rio.<\/p>\n\n\n\n<p>Fica v\u00e1lida a tentativa do SBT de emplacar esse novo produto, mas a forma de como \u00e9 desenvolvida tamb\u00e9m conta muito, como seu conte\u00fado, formato e linha editorial.&nbsp;<\/p>\n\n\n\n<p><em>Esta reportagem n\u00e3o visa diminuir a honra e dignidade de terceiros ou quaisquer que tenham sido mencionados no texto, e sim emitir um ponto de vista dos assuntos relacionados a televis\u00e3o e envolvidos nela.<\/em><\/p>","protected":false},"excerpt":{"rendered":"<p>O \u2018SBT News na TV\u2019 completou dois meses no ar na \u00faltima sexta-feira (17) com questionamentos sobre o que era para ser um projeto de inovar o departamento jornal\u00edstico e a programa\u00e7\u00e3o do canal em meio ao naufr\u00e1gio vivenciado no canal 4 de S\u00e3o Paulo. O que deveria ser algo novo n\u00e3o passa de um [&hellip;]<\/p>\n","protected":false},"author":2,"featured_media":172084,"comment_status":"closed","ping_status":"open","sticky":false,"template":"","format":"standard","meta":{"footnotes":""},"categories":[181],"tags":[403,13605],"class_list":["post-172085","post","type-post","status-publish","format-standard","has-post-thumbnail","hentry","category-televisao","tag-sbt","tag-sbt-news"],"_links":{"self":[{"href":"https:\/\/portalpopmais.com.br\/en\/wp-json\/wp\/v2\/posts\/172085","targetHints":{"allow":["GET"]}}],"collection":[{"href":"https:\/\/portalpopmais.com.br\/en\/wp-json\/wp\/v2\/posts"}],"about":[{"href":"https:\/\/portalpopmais.com.br\/en\/wp-json\/wp\/v2\/types\/post"}],"author":[{"embeddable":true,"href":"https:\/\/portalpopmais.com.br\/en\/wp-json\/wp\/v2\/users\/2"}],"replies":[{"embeddable":true,"href":"https:\/\/portalpopmais.com.br\/en\/wp-json\/wp\/v2\/comments?post=172085"}],"version-history":[{"count":0,"href":"https:\/\/portalpopmais.com.br\/en\/wp-json\/wp\/v2\/posts\/172085\/revisions"}],"wp:featuredmedia":[{"embeddable":true,"href":"https:\/\/portalpopmais.com.br\/en\/wp-json\/wp\/v2\/media\/172084"}],"wp:attachment":[{"href":"https:\/\/portalpopmais.com.br\/en\/wp-json\/wp\/v2\/media?parent=172085"}],"wp:term":[{"taxonomy":"category","embeddable":true,"href":"https:\/\/portalpopmais.com.br\/en\/wp-json\/wp\/v2\/categories?post=172085"},{"taxonomy":"post_tag","embeddable":true,"href":"https:\/\/portalpopmais.com.br\/en\/wp-json\/wp\/v2\/tags?post=172085"}],"curies":[{"name":"wp","href":"https:\/\/api.w.org\/{rel}","templated":true}]}}