{"id":172208,"date":"2023-03-20T12:00:00","date_gmt":"2023-03-20T15:00:00","guid":{"rendered":"https:\/\/portalpopmais.com.br\/?p=172208"},"modified":"2023-03-20T01:06:25","modified_gmt":"2023-03-20T04:06:25","slug":"cristina-rocha-fim-casos-familia-19-anos","status":"publish","type":"post","link":"https:\/\/portalpopmais.com.br\/en\/cristina-rocha-fim-casos-familia-19-anos\/","title":{"rendered":"Cristina Rocha fala sobre o fim do &#8216;Casos de Fam\u00edlia&#8217; ap\u00f3s 19 anos: &#8220;Uma li\u00e7\u00e3o&#8221;"},"content":{"rendered":"<p>A apresentadora <strong>Cristina Rocha<\/strong> falou sobre o fim do programa &#8216;<a href=\"https:\/\/portalpopmais.com.br\/en\/casos-de-familia-cancelado-sbt-saiba-tudo\/\" data-type=\"post\" data-id=\"166598\">Casos de Fam\u00edlia<\/a>&#8216; ap\u00f3s quase duas d\u00e9cadas no ar. Destes, a jornalista esteve no comando por 14 anos. Ela fez uma publica\u00e7\u00e3o agradecendo a todos que levaram a atra\u00e7\u00e3o ao ar e falou sobre o fim do programa no post.<\/p>\n\n\n\n<p>\u201cE o Casos de Fam\u00edlia chega ao fim. Gostaria de agradecer a toda nossa equipe de produ\u00e7\u00e3o, estagi\u00e1rios, diretorias, plateia e todos voc\u00eas que me acompanharam ali. N\u00e3o tenho palavras para mensurar a alegria que todos voc\u00eas me proporcionaram. Muito obrigada de todo cora\u00e7\u00e3o\u201d, disse ela.<\/p>\n\n\n\n<p>No v\u00eddeo em que homenageia a todos que fizeram parte do programa, sinaliza as dificuldades de levar o vespertino ao ar de segunda a sexta na programa\u00e7\u00e3o do <a href=\"https:\/\/twitter.com\/sitepopmais\" target=\"_blank\" rel=\"noopener\">SBT<\/a>, mesmo que fosse gravado.<\/p>\n\n\n\n<p>&#8220;T\u00f4 aqui hoje pra dizer que \u00e9 o \u00faltimo dia que vai passar o Casos de Fam\u00edlia. Claro que \u00e9 um misto de saudade, agradecimento, de tudo. Eu queria primeiro agradecer a voc\u00ea que acompanhou o programa esses anos todos, a plateia, voc\u00eas todos que ficaram nos bons e maus momentos do programa. Com esse programa eu realmente aprendi muito a aceitar opini\u00f5es diferentes. Foi uma li\u00e7\u00e3o mesmo! Um laborat\u00f3rio de vida&#8221;, relata.<\/p>\n\n\n\n<p>&#8220;Eu queria agradecer toda a equipe, todos os estagi\u00e1rios, todos os produtores, todo mundo! Esse programa era matar um le\u00e3o por dia. Nossa equipe era muito unida. Eu vou guardar o Casos de Fam\u00edlia dentro do meu cora\u00e7\u00e3o a vida inteira\u201d, conta ela.<\/p>\n\n\n\n<h2 class=\"wp-block-heading\">Indefinido<\/h2>\n\n\n\n<figure class=\"wp-block-image size-large\"><img loading=\"lazy\" decoding=\"async\" width=\"1170\" height=\"694\" src=\"https:\/\/portalpopmais.com.br\/wp-content\/uploads\/2022\/10\/4D680CF4-5C39-401B-A1BF-304F66D10442-1170x694.jpeg\" alt=\"SBT - Casos de Fam\u00edlia \/ Fofocalizando\" class=\"wp-image-146480\" title=\"\" srcset=\"https:\/\/portalpopmais.com.br\/wp-content\/uploads\/2022\/10\/4D680CF4-5C39-401B-A1BF-304F66D10442-1170x694.jpeg 1170w, https:\/\/portalpopmais.com.br\/wp-content\/uploads\/2022\/10\/4D680CF4-5C39-401B-A1BF-304F66D10442-768x456.jpeg 768w\" sizes=\"auto, (max-width: 1170px) 100vw, 1170px\" \/><figcaption class=\"wp-element-caption\">Foto: Reprodu\u00e7\u00e3o\/SBT<\/figcaption><\/figure>\n\n\n\n<p>O programa deixa grade do canal 4 de S\u00e3o Paulo depois de 19 anos. A crise de audi\u00eancia foi o principal fator para o cancelamento da atra\u00e7\u00e3o de Cristina, que sambava na faixa dos 3 pontos na Grande S\u00e3o Paulo.<\/p>\n\n\n\n<p>A partir desta segunda-feira (20), o &#8216;<a href=\"https:\/\/portalpopmais.com.br\/en\/fofocalizando-novo-formato-sbt-estreia\/\" data-type=\"post\" data-id=\"171555\">Fofocalizando<\/a>&#8216; estreia em novo formato, com duas horas no ar, ocupando o per\u00edodo do &#8216;Casos de Fam\u00edlia&#8217;. Leo Dias \u00e9 uma das grandes novidades anunciadas pelo SBT. Al\u00e9m disso, a atra\u00e7\u00e3o contar\u00e1 com um bloco jornal\u00edstico, comandado por Kallyna Sabino.<\/p>","protected":false},"excerpt":{"rendered":"<p>A apresentadora Cristina Rocha falou sobre o fim do programa &#8216;Casos de Fam\u00edlia&#8216; ap\u00f3s quase duas d\u00e9cadas no ar. Destes, a jornalista esteve no comando por 14 anos. Ela fez uma publica\u00e7\u00e3o agradecendo a todos que levaram a atra\u00e7\u00e3o ao ar e falou sobre o fim do programa no post. \u201cE o Casos de Fam\u00edlia [&hellip;]<\/p>\n","protected":false},"author":2,"featured_media":113627,"comment_status":"closed","ping_status":"open","sticky":false,"template":"","format":"standard","meta":{"footnotes":""},"categories":[181],"tags":[11112,14339,403],"class_list":["post-172208","post","type-post","status-publish","format-standard","has-post-thumbnail","hentry","category-televisao","tag-casos-de-familia","tag-cristina-rocha","tag-sbt"],"_links":{"self":[{"href":"https:\/\/portalpopmais.com.br\/en\/wp-json\/wp\/v2\/posts\/172208","targetHints":{"allow":["GET"]}}],"collection":[{"href":"https:\/\/portalpopmais.com.br\/en\/wp-json\/wp\/v2\/posts"}],"about":[{"href":"https:\/\/portalpopmais.com.br\/en\/wp-json\/wp\/v2\/types\/post"}],"author":[{"embeddable":true,"href":"https:\/\/portalpopmais.com.br\/en\/wp-json\/wp\/v2\/users\/2"}],"replies":[{"embeddable":true,"href":"https:\/\/portalpopmais.com.br\/en\/wp-json\/wp\/v2\/comments?post=172208"}],"version-history":[{"count":0,"href":"https:\/\/portalpopmais.com.br\/en\/wp-json\/wp\/v2\/posts\/172208\/revisions"}],"wp:featuredmedia":[{"embeddable":true,"href":"https:\/\/portalpopmais.com.br\/en\/wp-json\/wp\/v2\/media\/113627"}],"wp:attachment":[{"href":"https:\/\/portalpopmais.com.br\/en\/wp-json\/wp\/v2\/media?parent=172208"}],"wp:term":[{"taxonomy":"category","embeddable":true,"href":"https:\/\/portalpopmais.com.br\/en\/wp-json\/wp\/v2\/categories?post=172208"},{"taxonomy":"post_tag","embeddable":true,"href":"https:\/\/portalpopmais.com.br\/en\/wp-json\/wp\/v2\/tags?post=172208"}],"curies":[{"name":"wp","href":"https:\/\/api.w.org\/{rel}","templated":true}]}}