{"id":172394,"date":"2023-03-21T08:00:00","date_gmt":"2023-03-21T11:00:00","guid":{"rendered":"https:\/\/portalpopmais.com.br\/?p=172394"},"modified":"2023-03-20T23:41:52","modified_gmt":"2023-03-21T02:41:52","slug":"domingo-espetacular-pedra-sapato-para-o-sbt","status":"publish","type":"post","link":"https:\/\/portalpopmais.com.br\/en\/domingo-espetacular-pedra-sapato-para-o-sbt\/","title":{"rendered":"Com desfalque de Silvio Santos, &#8216;Domingo Espetacular&#8217; vira pedra no sapato para o SBT"},"content":{"rendered":"<p>O &#8216;<strong><a href=\"https:\/\/instagram.com\/portalpopmais\" target=\"_blank\" rel=\"noopener\">Domingo Espetacular<\/a><\/strong>&#8216; vem sendo uma pedra no sapato do SBT no hor\u00e1rio nobre da televis\u00e3o. A revista eletr\u00f4nica comandada por Sergio Aguiar e Caroline Ferreira, a Record TV tem conseguido \u00edndices favor\u00e1veis, deixando a concorr\u00eancia no limbo.<\/p>\n\n\n\n<p>Isso porque o programa do apresentador Silvio Santos n\u00e3o conta com sua presen\u00e7a desde ent\u00e3o. Sem confirma\u00e7\u00e3o de aposentadoria, um retorno para grava\u00e7\u00f5es est\u00e1 indefinido. Assim, Patr\u00edcia Abravanel consegue fazer o p\u00fablico evaporar na atra\u00e7\u00e3o de seu pai.<\/p>\n\n\n\n<p>Beneficiada dos embates do <a href=\"https:\/\/portalpopmais.com.br\/en\/record-banho-globo-derrota-corinthians\/\" data-type=\"post\" data-id=\"171014\">Campeonato Paulista<\/a>, a Record vem conseguindo manter a vice-lideran\u00e7a na m\u00e9dia di\u00e1ria, entre 7h da manh\u00e3 e meia-noite na Grande S\u00e3o Paulo, algo tradicional do canal 4 de S\u00e3o Paulo com a programa\u00e7\u00e3o dominical, em destaque os programas de Eliana e Silvio Santos, os maiores em Ibope.<\/p>\n\n\n\n<p>No \u00faltimo domingo (19), o programa bateu recorde de audi\u00eancia. Foram 8,7 pontos  a maior metr\u00f3pole do pa\u00eds, sendo o \u00edndice recorde de 2023. Em confronto <a href=\"https:\/\/twitter.com\/sitepopmais\" target=\"_blank\" rel=\"noopener\">direto<\/a>, o SBT teve 6,6 pontos.<\/p>\n\n\n\n<p>O quadro &#8216;A Grande Reportagem&#8217; chegou a pico de 10,3 pontos, com m\u00e9dia em 9,9. Comandado por Roberto Cabrini, as mat\u00e9rias especiais s\u00e3o carro-chefe do &#8216;Domingo Espetacular&#8217; por passarem dos dois d\u00edgitos no hor\u00e1rio nobre.<\/p>","protected":false},"excerpt":{"rendered":"<p>O &#8216;Domingo Espetacular&#8216; vem sendo uma pedra no sapato do SBT no hor\u00e1rio nobre da televis\u00e3o. A revista eletr\u00f4nica comandada por Sergio Aguiar e Caroline Ferreira, a Record TV tem conseguido \u00edndices favor\u00e1veis, deixando a concorr\u00eancia no limbo. Isso porque o programa do apresentador Silvio Santos n\u00e3o conta com sua presen\u00e7a desde ent\u00e3o. Sem confirma\u00e7\u00e3o [&hellip;]<\/p>\n","protected":false},"author":2,"featured_media":172395,"comment_status":"closed","ping_status":"open","sticky":false,"template":"","format":"standard","meta":{"footnotes":""},"categories":[181],"tags":[11932,882,403,657],"class_list":["post-172394","post","type-post","status-publish","format-standard","has-post-thumbnail","hentry","category-televisao","tag-domingo-espetacular","tag-record","tag-sbt","tag-silvio-santos"],"_links":{"self":[{"href":"https:\/\/portalpopmais.com.br\/en\/wp-json\/wp\/v2\/posts\/172394","targetHints":{"allow":["GET"]}}],"collection":[{"href":"https:\/\/portalpopmais.com.br\/en\/wp-json\/wp\/v2\/posts"}],"about":[{"href":"https:\/\/portalpopmais.com.br\/en\/wp-json\/wp\/v2\/types\/post"}],"author":[{"embeddable":true,"href":"https:\/\/portalpopmais.com.br\/en\/wp-json\/wp\/v2\/users\/2"}],"replies":[{"embeddable":true,"href":"https:\/\/portalpopmais.com.br\/en\/wp-json\/wp\/v2\/comments?post=172394"}],"version-history":[{"count":0,"href":"https:\/\/portalpopmais.com.br\/en\/wp-json\/wp\/v2\/posts\/172394\/revisions"}],"wp:featuredmedia":[{"embeddable":true,"href":"https:\/\/portalpopmais.com.br\/en\/wp-json\/wp\/v2\/media\/172395"}],"wp:attachment":[{"href":"https:\/\/portalpopmais.com.br\/en\/wp-json\/wp\/v2\/media?parent=172394"}],"wp:term":[{"taxonomy":"category","embeddable":true,"href":"https:\/\/portalpopmais.com.br\/en\/wp-json\/wp\/v2\/categories?post=172394"},{"taxonomy":"post_tag","embeddable":true,"href":"https:\/\/portalpopmais.com.br\/en\/wp-json\/wp\/v2\/tags?post=172394"}],"curies":[{"name":"wp","href":"https:\/\/api.w.org\/{rel}","templated":true}]}}