{"id":172408,"date":"2023-03-21T09:00:00","date_gmt":"2023-03-21T12:00:00","guid":{"rendered":"https:\/\/portalpopmais.com.br\/?p=172408"},"modified":"2023-03-21T08:14:57","modified_gmt":"2023-03-21T11:14:57","slug":"eduardo-costa-esclarece-relacao-com-leonardo","status":"publish","type":"post","link":"https:\/\/portalpopmais.com.br\/en\/eduardo-costa-esclarece-relacao-com-leonardo\/","title":{"rendered":"Eduardo Costa esclarece rela\u00e7\u00e3o com Leonardo ap\u00f3s acabar parceria: &#8220;N\u00e3o tinha muito contato&#8221;"},"content":{"rendered":"<p class=\"wp-block-paragraph\"><strong><a href=\"https:\/\/portalpopmais.com.br\/en\/eduardo-costa-desistir-da-carreira\/\" data-type=\"post\" data-id=\"154642\">Eduardo Costa<\/a><\/strong> abriu o jogo sobre o fim da parceria com <strong><a href=\"https:\/\/portalpopmais.com.br\/en\/luccas-leonardo-lancam-demorando-pra-voltar\/\" data-type=\"post\" data-id=\"169048\">Leonardo<\/a><\/strong>. Os artistas tiveram unidos desde 2015 a 2021 com o projeto Cabar\u00e9, sendo um enorme sucesso por onde passou, mas durante a pandemia essa rela\u00e7\u00e3o foi rompida e ningu\u00e9m entendeu o motivo. <\/p>\n\n\n\n<p class=\"wp-block-paragraph\">Os rumores na \u00e9poca apontavam para um grande desentendimento entre os sertanejos, mas o cantor que esteve presente no podcast do jornalista <strong>Andr\u00e9 Piunti <\/strong>neste domingo (19), assegurou que n\u00e3o teve discuss\u00f5es. <\/p>\n\n\n\n<p class=\"wp-block-paragraph\">Eduardo Costa que neste per\u00edodo fazia parte da <strong>Talism\u00e3 Music<\/strong>, ag\u00eancia de Leonardo e Willian Passarinho, acabou se desvinculando da empresa para montar seu pr\u00f3prio escrit\u00f3rio. <\/p>\n\n\n\n<p class=\"wp-block-paragraph\">&#8220;Eu e o Leonardo n\u00e3o t\u00ednhamos neg\u00f3cios, eu tinha com o empres\u00e1rio. Eu tinha uma vontade de sair havia um tempo&#8221;, iniciou o sertanejo. <\/p>\n\n\n\n<p class=\"wp-block-paragraph\">Tendo uma das maiores lives durante a pandemia, Eduardo Costa se colocou numa grande pol\u00eamica ao fazer piada de cunho sexual com a Liz, filha da cantora<a href=\"https:\/\/www.instagram.com\/portalpopmais\/\" target=\"_blank\" rel=\"noopener\"> Thaeme<\/a>. &#8220;Temos um ditado em Minas Gerais, quando a crian\u00e7a \u00e9 bonita, a gente diz: &#8216;Quando eu chegar em casa, vou transar com a minha mulher para fazer uma igual&#8217;. As pessoas queriam pegar no meu p\u00e9 por causa dessa fala. Falaram que eu tinha usado drogas, isso me chateou&#8230; Eu nunca usei drogas na minha vida&#8221;.<\/p>\n\n\n\n<p class=\"wp-block-paragraph\">Depois desse epis\u00f3dio foi anunciado o fim dessa parceria, mas negou qualquer intriga. &#8220;Eu n\u00e3o briguei. Eu e o Leonardo fomos amigos, mas a gente n\u00e3o tinha muito contato. Mor\u00e1vamos no mesmo condom\u00ednio, mas nos encontr\u00e1vamos mais em shows&#8221;.<\/p>\n\n\n\n<p class=\"wp-block-paragraph\">&#8220;Ele tem um jeito de ser e eu tenho o meu. N\u00e3o \u00e9ramos grudados. A gente nunca discutiu. O que teve foi amor&#8221;, finalizou Eduardo Costa. <\/p>","protected":false},"excerpt":{"rendered":"<p>Eduardo Costa abriu o jogo sobre o fim da parceria com Leonardo. Os artistas tiveram unidos desde 2015 a 2021 com o projeto Cabar\u00e9, sendo um enorme sucesso por onde passou, mas durante a pandemia essa rela\u00e7\u00e3o foi rompida e ningu\u00e9m entendeu o motivo. Os rumores na \u00e9poca apontavam para um grande desentendimento entre os [&hellip;]<\/p>\n","protected":false},"author":2,"featured_media":172416,"comment_status":"closed","ping_status":"open","sticky":false,"template":"","format":"standard","meta":{"footnotes":""},"categories":[173],"tags":[790,2399],"class_list":["post-172408","post","type-post","status-publish","format-standard","has-post-thumbnail","hentry","category-celebridades","tag-eduardo-costa","tag-leonardo"],"_links":{"self":[{"href":"https:\/\/portalpopmais.com.br\/en\/wp-json\/wp\/v2\/posts\/172408","targetHints":{"allow":["GET"]}}],"collection":[{"href":"https:\/\/portalpopmais.com.br\/en\/wp-json\/wp\/v2\/posts"}],"about":[{"href":"https:\/\/portalpopmais.com.br\/en\/wp-json\/wp\/v2\/types\/post"}],"author":[{"embeddable":true,"href":"https:\/\/portalpopmais.com.br\/en\/wp-json\/wp\/v2\/users\/2"}],"replies":[{"embeddable":true,"href":"https:\/\/portalpopmais.com.br\/en\/wp-json\/wp\/v2\/comments?post=172408"}],"version-history":[{"count":0,"href":"https:\/\/portalpopmais.com.br\/en\/wp-json\/wp\/v2\/posts\/172408\/revisions"}],"wp:featuredmedia":[{"embeddable":true,"href":"https:\/\/portalpopmais.com.br\/en\/wp-json\/wp\/v2\/media\/172416"}],"wp:attachment":[{"href":"https:\/\/portalpopmais.com.br\/en\/wp-json\/wp\/v2\/media?parent=172408"}],"wp:term":[{"taxonomy":"category","embeddable":true,"href":"https:\/\/portalpopmais.com.br\/en\/wp-json\/wp\/v2\/categories?post=172408"},{"taxonomy":"post_tag","embeddable":true,"href":"https:\/\/portalpopmais.com.br\/en\/wp-json\/wp\/v2\/tags?post=172408"}],"curies":[{"name":"wp","href":"https:\/\/api.w.org\/{rel}","templated":true}]}}