{"id":172572,"date":"2023-03-22T00:13:28","date_gmt":"2023-03-22T03:13:28","guid":{"rendered":"https:\/\/portalpopmais.com.br\/?p=172572"},"modified":"2023-03-22T00:15:26","modified_gmt":"2023-03-22T03:15:26","slug":"fred-e-eliminado-do-bbb23-brother-nao-ira-para-repescagem","status":"publish","type":"post","link":"https:\/\/portalpopmais.com.br\/en\/fred-e-eliminado-do-bbb23-brother-nao-ira-para-repescagem\/","title":{"rendered":"Fred \u00e9 eliminado do BBB23; brother n\u00e3o ir\u00e1 para repescagem"},"content":{"rendered":"<p class=\"wp-block-paragraph\">Nesta ter\u00e7a-feira (21), rolou a 10a. elimina\u00e7\u00e3o do <strong><a href=\"http:\/\/Instagram.com\/bbb\" target=\"_blank\" rel=\"noopener\">BBB23<\/a><\/strong>. <strong><a href=\"https:\/\/portalpopmais.com.br\/en\/tadeu-esporro-fred-jogo-da-discordia\/\" data-type=\"post\" data-id=\"172422\">Fred Desimpedidos<\/a><\/strong> acabou deixando o programa com 50,23% dos votos.<\/p>\n\n\n\n<p class=\"wp-block-paragraph\">O jornalista disputava a prefer\u00eancia do p\u00fablico ao lado de Donitila e Gabriel Mosca.<\/p>\n\n\n\n<p class=\"wp-block-paragraph\">Fred ainda desistiu de participar da repescagem e justificou usando a saudade que sente do filho. Veja:<\/p>\n\n\n\n<figure class=\"wp-block-embed is-type-rich is-provider-twitter wp-block-embed-twitter\"><div class=\"wp-block-embed__wrapper\">\n<blockquote class=\"twitter-tweet\" data-width=\"550\" data-dnt=\"true\"><p lang=\"pt\" dir=\"ltr\">Discurso completo de <a href=\"https:\/\/twitter.com\/tadeuschmidt?ref_src=twsrc%5Etfw\" target=\"_blank\" rel=\"noopener\">@tadeuschmidt<\/a> para a elimina\u00e7\u00e3o de Fred! <a href=\"https:\/\/twitter.com\/hashtag\/BBB23?src=hash&amp;ref_src=twsrc%5Etfw\" target=\"_blank\" rel=\"noopener\">#BBB23<\/a> <a href=\"https:\/\/twitter.com\/hashtag\/RedeBBB?src=hash&amp;ref_src=twsrc%5Etfw\" target=\"_blank\" rel=\"noopener\">#RedeBBB<\/a> <a href=\"https:\/\/t.co\/iorbJm4Cm5\">pic.twitter.com\/iorbJm4Cm5<\/a><\/p>&mdash; TV Globo \ud83d\udcfa (@tvglobo) <a href=\"https:\/\/twitter.com\/tvglobo\/status\/1638369503007350786?ref_src=twsrc%5Etfw\" target=\"_blank\" rel=\"noopener\">March 22, 2023<\/a><\/blockquote><script async src=\"https:\/\/platform.twitter.com\/widgets.js\" charset=\"utf-8\"><\/script>\n<\/div><\/figure>\n\n\n\n<figure class=\"wp-block-embed is-type-rich is-provider-twitter wp-block-embed-twitter\"><div class=\"wp-block-embed__wrapper\">\n<blockquote class=\"twitter-tweet\" data-width=\"550\" data-dnt=\"true\"><p lang=\"pt\" dir=\"ltr\">Fred acabou de chegar na Casa do Reencontro! <a href=\"https:\/\/twitter.com\/hashtag\/BBB23?src=hash&amp;ref_src=twsrc%5Etfw\" target=\"_blank\" rel=\"noopener\">#BBB23<\/a> <a href=\"https:\/\/twitter.com\/hashtag\/RedeBBB?src=hash&amp;ref_src=twsrc%5Etfw\" target=\"_blank\" rel=\"noopener\">#RedeBBB<\/a> <a href=\"https:\/\/t.co\/Ym5q1t2wzI\">pic.twitter.com\/Ym5q1t2wzI<\/a><\/p>&mdash; TV Globo \ud83d\udcfa (@tvglobo) <a href=\"https:\/\/twitter.com\/tvglobo\/status\/1638372049025376257?ref_src=twsrc%5Etfw\" target=\"_blank\" rel=\"noopener\">March 22, 2023<\/a><\/blockquote><script async src=\"https:\/\/platform.twitter.com\/widgets.js\" charset=\"utf-8\"><\/script>\n<\/div><\/figure>\n\n\n\n<figure class=\"wp-block-embed is-type-rich is-provider-twitter wp-block-embed-twitter\"><div class=\"wp-block-embed__wrapper\">\n<blockquote class=\"twitter-tweet\" data-width=\"550\" data-dnt=\"true\"><p lang=\"pt\" dir=\"ltr\">Fred desiste de participar da Casa do Reencontro! <a href=\"https:\/\/twitter.com\/hashtag\/BBB23?src=hash&amp;ref_src=twsrc%5Etfw\" target=\"_blank\" rel=\"noopener\">#BBB23<\/a> <a href=\"https:\/\/twitter.com\/hashtag\/RedeBBB?src=hash&amp;ref_src=twsrc%5Etfw\" target=\"_blank\" rel=\"noopener\">#RedeBBB<\/a> <a href=\"https:\/\/t.co\/4e5mCJT4zn\">pic.twitter.com\/4e5mCJT4zn<\/a><\/p>&mdash; TV Globo \ud83d\udcfa (@tvglobo) <a href=\"https:\/\/twitter.com\/tvglobo\/status\/1638373277256040450?ref_src=twsrc%5Etfw\" target=\"_blank\" rel=\"noopener\">March 22, 2023<\/a><\/blockquote><script async src=\"https:\/\/platform.twitter.com\/widgets.js\" charset=\"utf-8\"><\/script>\n<\/div><\/figure>","protected":false},"excerpt":{"rendered":"<p>Nesta ter\u00e7a-feira (21), rolou a 10a. elimina\u00e7\u00e3o do BBB23. Fred Desimpedidos acabou deixando o programa com 50,23% dos votos. O jornalista disputava a prefer\u00eancia do p\u00fablico ao lado de Donitila e Gabriel Mosca. Fred ainda desistiu de participar da repescagem e justificou usando a saudade que sente do filho. Veja:<\/p>","protected":false},"author":2,"featured_media":172577,"comment_status":"closed","ping_status":"open","sticky":false,"template":"","format":"standard","meta":{"footnotes":""},"categories":[1],"tags":[11142,13510],"class_list":["post-172572","post","type-post","status-publish","format-standard","has-post-thumbnail","hentry","category-fire2","tag-bbb23","tag-fred"],"_links":{"self":[{"href":"https:\/\/portalpopmais.com.br\/en\/wp-json\/wp\/v2\/posts\/172572","targetHints":{"allow":["GET"]}}],"collection":[{"href":"https:\/\/portalpopmais.com.br\/en\/wp-json\/wp\/v2\/posts"}],"about":[{"href":"https:\/\/portalpopmais.com.br\/en\/wp-json\/wp\/v2\/types\/post"}],"author":[{"embeddable":true,"href":"https:\/\/portalpopmais.com.br\/en\/wp-json\/wp\/v2\/users\/2"}],"replies":[{"embeddable":true,"href":"https:\/\/portalpopmais.com.br\/en\/wp-json\/wp\/v2\/comments?post=172572"}],"version-history":[{"count":0,"href":"https:\/\/portalpopmais.com.br\/en\/wp-json\/wp\/v2\/posts\/172572\/revisions"}],"wp:featuredmedia":[{"embeddable":true,"href":"https:\/\/portalpopmais.com.br\/en\/wp-json\/wp\/v2\/media\/172577"}],"wp:attachment":[{"href":"https:\/\/portalpopmais.com.br\/en\/wp-json\/wp\/v2\/media?parent=172572"}],"wp:term":[{"taxonomy":"category","embeddable":true,"href":"https:\/\/portalpopmais.com.br\/en\/wp-json\/wp\/v2\/categories?post=172572"},{"taxonomy":"post_tag","embeddable":true,"href":"https:\/\/portalpopmais.com.br\/en\/wp-json\/wp\/v2\/tags?post=172572"}],"curies":[{"name":"wp","href":"https:\/\/api.w.org\/{rel}","templated":true}]}}