{"id":173744,"date":"2023-03-28T10:27:34","date_gmt":"2023-03-28T13:27:34","guid":{"rendered":"https:\/\/portalpopmais.com.br\/?p=173744"},"modified":"2023-03-28T10:27:47","modified_gmt":"2023-03-28T13:27:47","slug":"eduardo-diva-da-depressao-internado","status":"publish","type":"post","link":"https:\/\/portalpopmais.com.br\/en\/eduardo-diva-da-depressao-internado\/","title":{"rendered":"Eduardo Camargo, do &#8216;Diva da Depress\u00e3o&#8217;, passa por cirurgia de emerg\u00eancia ap\u00f3s contrair infec\u00e7\u00e3o no test\u00edculo"},"content":{"rendered":"\n<p>O youtuber <strong>Eduardo Camargo<\/strong>, conhecido pelo canal <strong><a href=\"https:\/\/portalpopmais.com.br\/diva-depressao-hackeado\/\" data-type=\"post\" data-id=\"148265\">Diva da Depress\u00e3o<\/a><\/strong>, precisou passar por uma cirurgia de emerg\u00eancia ap\u00f3s contrair uma infec\u00e7\u00e3o no test\u00edculo. A informa\u00e7\u00e3o foi divulgada pelo pr\u00f3prio em suas redes sociais. <\/p>\n\n\n\n<p><em>&#8220;Eu estou internado em um hospital perto da minha casa, e tudo aconteceu por causa de uma espinha que apareceu h\u00e1 cinco dias no meu saco. Essa espinha inflamou, inchou [o test\u00edculo], ficou do tamanho de uma laranja e deu uma infec\u00e7\u00e3o. Se voc\u00ea tem uma espinha, n\u00e3o esprema&#8221;, <\/em>disse Eduardo em um v\u00eddeo publicado na \u00faltima sexta-feira (24).<\/p>\n\n\n\n<p>O youtuber conta que o incha\u00e7o aumentou e que precisou passar por uma cirurgia para retirar o excesso de pus que se formou na <a href=\"http:\/\/twitter.com\/sitepopmais\" target=\"_blank\" rel=\"noopener\">regi\u00e3o<\/a>. <\/p>\n\n\n\n<p><em>&#8220;Foi uma hora de cirurgia. O m\u00e9dico disse que foi uma infec\u00e7\u00e3o grave, mas que conseguiu conter no lugar, n\u00e3o se espalhou&#8221;,<\/em> afirmou. <em>&#8220;Ao mesmo tempo que foi grave, foi simples de resolver. Ele fez um rasgo embaixo [do meu test\u00edculo] e drenou.&#8221;<\/em><\/p>\n\n\n\n<p>Eduardo explicou tamb\u00e9m que ainda est\u00e1 com um dreno para retirar todo o l\u00edquido do local, mas que passa bem e est\u00e1 em recupera\u00e7\u00e3o do procedimento.<\/p>\n","protected":false},"excerpt":{"rendered":"<p>O youtuber Eduardo Camargo, conhecido pelo canal Diva da Depress\u00e3o, precisou passar por uma cirurgia de emerg\u00eancia ap\u00f3s contrair uma infec\u00e7\u00e3o no test\u00edculo. A informa\u00e7\u00e3o foi divulgada pelo pr\u00f3prio em suas redes sociais. &#8220;Eu estou internado em um hospital perto da minha casa, e tudo aconteceu por causa de uma espinha que apareceu h\u00e1 cinco [&hellip;]<\/p>\n","protected":false},"author":2,"featured_media":173747,"comment_status":"closed","ping_status":"open","sticky":false,"template":"","format":"standard","meta":{"footnotes":""},"categories":[173],"tags":[14431,14432],"class_list":["post-173744","post","type-post","status-publish","format-standard","has-post-thumbnail","hentry","category-celebridades","tag-diva-da-depressao","tag-eduardo-camargo"],"_links":{"self":[{"href":"https:\/\/portalpopmais.com.br\/en\/wp-json\/wp\/v2\/posts\/173744","targetHints":{"allow":["GET"]}}],"collection":[{"href":"https:\/\/portalpopmais.com.br\/en\/wp-json\/wp\/v2\/posts"}],"about":[{"href":"https:\/\/portalpopmais.com.br\/en\/wp-json\/wp\/v2\/types\/post"}],"author":[{"embeddable":true,"href":"https:\/\/portalpopmais.com.br\/en\/wp-json\/wp\/v2\/users\/2"}],"replies":[{"embeddable":true,"href":"https:\/\/portalpopmais.com.br\/en\/wp-json\/wp\/v2\/comments?post=173744"}],"version-history":[{"count":0,"href":"https:\/\/portalpopmais.com.br\/en\/wp-json\/wp\/v2\/posts\/173744\/revisions"}],"wp:featuredmedia":[{"embeddable":true,"href":"https:\/\/portalpopmais.com.br\/en\/wp-json\/wp\/v2\/media\/173747"}],"wp:attachment":[{"href":"https:\/\/portalpopmais.com.br\/en\/wp-json\/wp\/v2\/media?parent=173744"}],"wp:term":[{"taxonomy":"category","embeddable":true,"href":"https:\/\/portalpopmais.com.br\/en\/wp-json\/wp\/v2\/categories?post=173744"},{"taxonomy":"post_tag","embeddable":true,"href":"https:\/\/portalpopmais.com.br\/en\/wp-json\/wp\/v2\/tags?post=173744"}],"curies":[{"name":"wp","href":"https:\/\/api.w.org\/{rel}","templated":true}]}}