{"id":173775,"date":"2023-03-28T12:21:32","date_gmt":"2023-03-28T15:21:32","guid":{"rendered":"https:\/\/portalpopmais.com.br\/?p=173775"},"modified":"2023-03-28T12:22:50","modified_gmt":"2023-03-28T15:22:50","slug":"mannda-lym-entra-para-o-casting-da-gr-shows","status":"publish","type":"post","link":"https:\/\/portalpopmais.com.br\/en\/mannda-lym-entra-para-o-casting-da-gr-shows\/","title":{"rendered":"Revela\u00e7\u00e3o feminina do pagode, Mannda Lym entra para o casting da GR Shows"},"content":{"rendered":"<p>A nova aposta do pagode,&nbsp;<a href=\"https:\/\/www.instagram.com\/manndalym\/\" target=\"_blank\" rel=\"noreferrer noopener\"><strong>Mannda Lym<\/strong><\/a>,&nbsp;que ganhou destaque nas redes sociais por suas performances nas rodas de samba de Belo Horizonte, Minas Gerais, \u00e9 a nova contratada da&nbsp;<a href=\"https:\/\/www.instagram.com\/grshows\/\" target=\"_blank\" rel=\"noreferrer noopener\"><strong>GR Shows<\/strong><\/a>, escrit\u00f3rio de gerenciamento art\u00edstico 360\u00ba comandado pelo empres\u00e1rio&nbsp;<strong><a href=\"https:\/\/www.instagram.com\/portalpopmais\/\" target=\"_blank\" rel=\"noopener\">Alex Calil<\/a><\/strong>.&nbsp;<\/p>\n\n\n\n<p>Esta parceria entre a cantora e o escrit\u00f3rio que tamb\u00e9m gerencia a carreira de<strong>&nbsp;<a href=\"https:\/\/portalpopmais.com.br\/en\/artistas\/biografia-belo\/\" data-type=\"artistas\" data-id=\"163695\">Belo<\/a>, <a href=\"https:\/\/portalpopmais.com.br\/en\/com-participacoes-especiais-grupo-pixote-celebra-30-anos-de-carreira-com-gravacao-de-dvd\/\" data-type=\"post\" data-id=\"161903\">Pixote<\/a> e <a href=\"https:\/\/portalpopmais.com.br\/en\/rennan-da-penha-se-junta-a-turma-do-pagode-em-novo-single-ja-to\/\" data-type=\"post\" data-id=\"54128\">Turma do Pagode<\/a><\/strong>, foi firmada na \u00faltima semana com a assinatura de um contrato, que visa a expans\u00e3o do nome da mineira para todo o Brasil, al\u00e9m de preparar uma s\u00e9rie de lan\u00e7amentos musicais.&nbsp;<\/p>\n\n\n\n<p>Dona de um vocal potente e um carisma contagiante, a artista que j\u00e1 acumula uma grande comunidade de f\u00e3s e mais de 80 mil seguidores no Instagram, chega para compor o time de mulheres no pagode &#8211; cena que est\u00e1 crescendo no mercado musical.&nbsp;<\/p>\n\n\n\n<p>\u201cO ano de 2022 foi maravilhoso e, com a repercuss\u00e3o dos meus v\u00eddeos, tive a oportunidade de conhecer pessoas que admiro e quero levar para vida. O Alex Calil \u00e9&nbsp;um deles, ele abra\u00e7ou meu projeto e agora fa\u00e7o parte da fam\u00edlia da GR Shows, o maior escrit\u00f3rio de samba e pagode do Brasil\u201d, conta Mannda Lym. \u201c\u00c9 com muita alegria que essa parceria vem\u201d, completa a cantora.<\/p>\n\n\n\n<figure class=\"wp-block-embed is-type-video is-provider-youtube wp-block-embed-youtube wp-embed-aspect-16-9 wp-has-aspect-ratio\"><div class=\"wp-block-embed__wrapper\">\n<iframe loading=\"lazy\" title=\"S\u00f3 preciso de uma pagode desse - desse jeito e ruim pra mim - Mannda Lym #pagode #manndalym\" width=\"563\" height=\"1000\" src=\"https:\/\/www.youtube.com\/embed\/ybIfR961jbc?feature=oembed\" frameborder=\"0\" allow=\"accelerometer; autoplay; clipboard-write; encrypted-media; gyroscope; picture-in-picture; web-share\" referrerpolicy=\"strict-origin-when-cross-origin\" allowfullscreen><\/iframe>\n<\/div><\/figure>\n\n\n\n<p><strong>Sobre Mannda Lym<\/strong><\/p>\n\n\n\n<p>Amanda Evelyn Santos, conhecida como Mannda Lym, come\u00e7ou a cantar aos 13 anos no grupo de louvor da igreja evang\u00e9lica. Aos 18 anos passou a se apresentar nos bares de Belo Horizonte, cantando pop e MPB e assim come\u00e7ou a construir sua identidade.&nbsp;<\/p>\n\n\n\n<p>Com 22, recebeu um convite de um grupo de pagode local para cantar em um dos pontos mais famosos de sua cidade, a Choperia Guarani. No entanto, o alcance com sua carreira veio seis anos depois, logo ap\u00f3s se apresentar no tradicional evento do grupo Akatu, onde teve sua performance viralizada nas redes sociais, alcan\u00e7ando n\u00fameros nunca vistos.&nbsp;<\/p>\n\n\n\n<p>Os v\u00eddeos chegaram at\u00e9 o criador de conte\u00fado Leandro Brito, propriet\u00e1rio do maior canal de samba e pagode do YouTube Brasil, que passou a publicar os v\u00eddeos da cantora em suas redes sociais e hoje \u00e9 considerada uma das grandes revela\u00e7\u00f5es do segmento feminino.&nbsp;<\/p>","protected":false},"excerpt":{"rendered":"<p>A nova aposta do pagode,&nbsp;Mannda Lym,&nbsp;que ganhou destaque nas redes sociais por suas performances nas rodas de samba de Belo Horizonte, Minas Gerais, \u00e9 a nova contratada da&nbsp;GR Shows, escrit\u00f3rio de gerenciamento art\u00edstico 360\u00ba comandado pelo empres\u00e1rio&nbsp;Alex Calil.&nbsp; Esta parceria entre a cantora e o escrit\u00f3rio que tamb\u00e9m gerencia a carreira de&nbsp;Belo, Pixote e Turma [&hellip;]<\/p>\n","protected":false},"author":2,"featured_media":173777,"comment_status":"closed","ping_status":"open","sticky":false,"template":"","format":"standard","meta":{"footnotes":""},"categories":[154],"tags":[565,14436,14435,10015,3948],"class_list":["post-173775","post","type-post","status-publish","format-standard","has-post-thumbnail","hentry","category-musica","tag-belo","tag-gr-shows","tag-mannda-lym","tag-pixote","tag-turma-do-pagode"],"_links":{"self":[{"href":"https:\/\/portalpopmais.com.br\/en\/wp-json\/wp\/v2\/posts\/173775","targetHints":{"allow":["GET"]}}],"collection":[{"href":"https:\/\/portalpopmais.com.br\/en\/wp-json\/wp\/v2\/posts"}],"about":[{"href":"https:\/\/portalpopmais.com.br\/en\/wp-json\/wp\/v2\/types\/post"}],"author":[{"embeddable":true,"href":"https:\/\/portalpopmais.com.br\/en\/wp-json\/wp\/v2\/users\/2"}],"replies":[{"embeddable":true,"href":"https:\/\/portalpopmais.com.br\/en\/wp-json\/wp\/v2\/comments?post=173775"}],"version-history":[{"count":0,"href":"https:\/\/portalpopmais.com.br\/en\/wp-json\/wp\/v2\/posts\/173775\/revisions"}],"wp:featuredmedia":[{"embeddable":true,"href":"https:\/\/portalpopmais.com.br\/en\/wp-json\/wp\/v2\/media\/173777"}],"wp:attachment":[{"href":"https:\/\/portalpopmais.com.br\/en\/wp-json\/wp\/v2\/media?parent=173775"}],"wp:term":[{"taxonomy":"category","embeddable":true,"href":"https:\/\/portalpopmais.com.br\/en\/wp-json\/wp\/v2\/categories?post=173775"},{"taxonomy":"post_tag","embeddable":true,"href":"https:\/\/portalpopmais.com.br\/en\/wp-json\/wp\/v2\/tags?post=173775"}],"curies":[{"name":"wp","href":"https:\/\/api.w.org\/{rel}","templated":true}]}}