{"id":173899,"date":"2023-03-29T08:09:31","date_gmt":"2023-03-29T11:09:31","guid":{"rendered":"https:\/\/portalpopmais.com.br\/?p=173899"},"modified":"2023-03-29T08:09:42","modified_gmt":"2023-03-29T11:09:42","slug":"comentario-cristiano-ronaldo-paulo-muzy","status":"publish","type":"post","link":"https:\/\/portalpopmais.com.br\/en\/comentario-cristiano-ronaldo-paulo-muzy\/","title":{"rendered":"Na sauna, Cristiano Ronaldo diz que m\u00e9dico brasileiro &#8216;\u00e9 p*ca&#8217; e agita a web"},"content":{"rendered":"<p><strong><a href=\"https:\/\/portalpopmais.com.br\/en\/cristiano-ronaldo-mao-na-cueca\/\" data-type=\"post\" data-id=\"151773\">Cristiano Ronaldo<\/a><\/strong> deu o que falar nas redes sociais, nesta ter\u00e7a-feira (28). Acontece que o craque deixou um coment\u00e1rio na live do m\u00e9dico brasileiro Paulo Muzy e deixou os internautas agitados. <\/p>\n\n\n\n<p>O jogador fez um breve coment\u00e1rio elogiando o profissional, que \u00e9 especialidade na \u00e1rea esportiva, e divertiu os seguidores ao revelar que estava dentro de uma <a href=\"http:\/\/Twitter.com\/sitepopmais\" target=\"_blank\" rel=\"noopener\">sauna<\/a>.<\/p>\n\n\n\n<p>&#8220;Pessoal, o (Paulo) Muzy \u00e9 pica. Aprendemos todos com ele a aproveitar o m\u00e1ximo. Obrigado, doutor. Vou sair da sauna. Se n\u00e3o queima o telem\u00f3vel (celular). Abra\u00e7o, amigo&#8221;, postou CR7.<\/p>\n\n\n\n<p>O m\u00e9dico printou o coment\u00e1rio da live que contava com 3.700 espectadores e postou um agradecimento ao jogador.<\/p>\n\n\n\n<figure class=\"wp-block-embed is-type-rich is-provider-twitter wp-block-embed-twitter\"><div class=\"wp-block-embed__wrapper\">\n<blockquote class=\"twitter-tweet\" data-width=\"550\" data-dnt=\"true\"><p lang=\"pt\" dir=\"ltr\">Cristiano Ronaldo deixa coment\u00e1rio em live de Paulo Muzy: &quot;Ele \u00e9 pica&quot;. <a href=\"https:\/\/t.co\/nzUb6zijtw\">pic.twitter.com\/nzUb6zijtw<\/a><\/p>&mdash; Portal POP Mais (@sitepopmais) <a href=\"https:\/\/twitter.com\/sitepopmais\/status\/1640739327176056838?ref_src=twsrc%5Etfw\" target=\"_blank\" rel=\"noopener\">March 28, 2023<\/a><\/blockquote><script async src=\"https:\/\/platform.twitter.com\/widgets.js\" charset=\"utf-8\"><\/script>\n<\/div><\/figure>","protected":false},"excerpt":{"rendered":"<p>Cristiano Ronaldo deu o que falar nas redes sociais, nesta ter\u00e7a-feira (28). Acontece que o craque deixou um coment\u00e1rio na live do m\u00e9dico brasileiro Paulo Muzy e deixou os internautas agitados. O jogador fez um breve coment\u00e1rio elogiando o profissional, que \u00e9 especialidade na \u00e1rea esportiva, e divertiu os seguidores ao revelar que estava dentro [&hellip;]<\/p>\n","protected":false},"author":2,"featured_media":124465,"comment_status":"closed","ping_status":"open","sticky":false,"template":"","format":"standard","meta":{"footnotes":""},"categories":[173],"tags":[11612],"class_list":["post-173899","post","type-post","status-publish","format-standard","has-post-thumbnail","hentry","category-celebridades","tag-cristiano-ronaldo"],"_links":{"self":[{"href":"https:\/\/portalpopmais.com.br\/en\/wp-json\/wp\/v2\/posts\/173899","targetHints":{"allow":["GET"]}}],"collection":[{"href":"https:\/\/portalpopmais.com.br\/en\/wp-json\/wp\/v2\/posts"}],"about":[{"href":"https:\/\/portalpopmais.com.br\/en\/wp-json\/wp\/v2\/types\/post"}],"author":[{"embeddable":true,"href":"https:\/\/portalpopmais.com.br\/en\/wp-json\/wp\/v2\/users\/2"}],"replies":[{"embeddable":true,"href":"https:\/\/portalpopmais.com.br\/en\/wp-json\/wp\/v2\/comments?post=173899"}],"version-history":[{"count":0,"href":"https:\/\/portalpopmais.com.br\/en\/wp-json\/wp\/v2\/posts\/173899\/revisions"}],"wp:featuredmedia":[{"embeddable":true,"href":"https:\/\/portalpopmais.com.br\/en\/wp-json\/wp\/v2\/media\/124465"}],"wp:attachment":[{"href":"https:\/\/portalpopmais.com.br\/en\/wp-json\/wp\/v2\/media?parent=173899"}],"wp:term":[{"taxonomy":"category","embeddable":true,"href":"https:\/\/portalpopmais.com.br\/en\/wp-json\/wp\/v2\/categories?post=173899"},{"taxonomy":"post_tag","embeddable":true,"href":"https:\/\/portalpopmais.com.br\/en\/wp-json\/wp\/v2\/tags?post=173899"}],"curies":[{"name":"wp","href":"https:\/\/api.w.org\/{rel}","templated":true}]}}