{"id":173929,"date":"2023-03-29T09:01:31","date_gmt":"2023-03-29T12:01:31","guid":{"rendered":"https:\/\/portalpopmais.com.br\/?p=173929"},"modified":"2023-03-29T09:01:40","modified_gmt":"2023-03-29T12:01:40","slug":"novo-ataque-aluno-esfaquear-colegas-escola-rio","status":"publish","type":"post","link":"https:\/\/portalpopmais.com.br\/en\/novo-ataque-aluno-esfaquear-colegas-escola-rio\/","title":{"rendered":"Novo ataque: adolescente de 15 anos tenta esfaquear alunos em escola no Rio de Janeiro"},"content":{"rendered":"<p>Um <strong><a href=\"https:\/\/portalpopmais.com.br\/en\/video-ataque-escola-sao-paulo\/\" data-type=\"post\" data-id=\"173549\">aluno<\/a> <\/strong>de 15 anos tentou atacar colegas com golpes de faca, nesta ter\u00e7a-feira (28), dentro da escola municipal Manoel C\u00edcero, na G\u00e1vea, zona sul do Rio. As informa\u00e7\u00f5es s\u00e3o do <a href=\"http:\/\/uol.com.br\" target=\"_blank\" rel=\"noopener\">UOL<\/a>.<\/p>\n\n\n\n<p>De acordo com a publica\u00e7\u00e3o, a Pol\u00edcia Militar informou que o adolescente foi contido pelos funcion\u00e1rios da escola. Durante a confus\u00e3o, o agressor acabou ferido na cabe\u00e7a e foi levado ao Hospital Municipal Miguel Couto, onde passou por atendimento e teve que fazer uma sutura, sendo liberado da unidade de sa\u00fade no in\u00edcio da noite.<\/p>\n\n\n\n<p>Ainda segundo o UOL, o adolescente foi apreendido em flagrante. Uma professora teve um mal-estar ap\u00f3s o ocorrido e foi levada para o hospital.<\/p>\n\n\n\n<figure class=\"wp-block-embed is-type-rich is-provider-twitter wp-block-embed-twitter\"><div class=\"wp-block-embed__wrapper\">\n<blockquote class=\"twitter-tweet\" data-width=\"550\" data-dnt=\"true\"><p lang=\"pt\" dir=\"ltr\">Em seguida, ele foi imobilizado por outros profissionais. A escola conseguiu acionar a pol\u00edcia rapidamente e o aluno est\u00e1 sendo interrogado na delegacia. Nosso agradecimento \u00e0 diretora Jaqueline e sua espetacular equipe escolar. +<\/p>&mdash; Renan Ferreirinha (@ferreirinharj) <a href=\"https:\/\/twitter.com\/ferreirinharj\/status\/1640815325129195527?ref_src=twsrc%5Etfw\" target=\"_blank\" rel=\"noopener\">March 28, 2023<\/a><\/blockquote><script async src=\"https:\/\/platform.twitter.com\/widgets.js\" charset=\"utf-8\"><\/script>\n<\/div><\/figure>\n\n\n\n<figure class=\"wp-block-embed is-type-rich is-provider-twitter wp-block-embed-twitter\"><div class=\"wp-block-embed__wrapper\">\n<blockquote class=\"twitter-tweet\" data-width=\"550\" data-dnt=\"true\"><p lang=\"pt\" dir=\"ltr\">N\u00e3o podemos normalizar atos de viol\u00eancia em nosso pa\u00eds. Precisamos fazer com que a sa\u00fade mental seja uma pauta priorit\u00e1ria de discuss\u00e3o nacional.<\/p>&mdash; Renan Ferreirinha (@ferreirinharj) <a href=\"https:\/\/twitter.com\/ferreirinharj\/status\/1640815330283986945?ref_src=twsrc%5Etfw\" target=\"_blank\" rel=\"noopener\">March 28, 2023<\/a><\/blockquote><script async src=\"https:\/\/platform.twitter.com\/widgets.js\" charset=\"utf-8\"><\/script>\n<\/div><\/figure>","protected":false},"excerpt":{"rendered":"<p>Um aluno de 15 anos tentou atacar colegas com golpes de faca, nesta ter\u00e7a-feira (28), dentro da escola municipal Manoel C\u00edcero, na G\u00e1vea, zona sul do Rio. As informa\u00e7\u00f5es s\u00e3o do UOL. De acordo com a publica\u00e7\u00e3o, a Pol\u00edcia Militar informou que o adolescente foi contido pelos funcion\u00e1rios da escola. Durante a confus\u00e3o, o agressor [&hellip;]<\/p>\n","protected":false},"author":2,"featured_media":173933,"comment_status":"closed","ping_status":"open","sticky":false,"template":"","format":"standard","meta":{"footnotes":""},"categories":[2165],"tags":[971],"class_list":["post-173929","post","type-post","status-publish","format-standard","has-post-thumbnail","hentry","category-noticias","tag-rio-de-janeiro"],"_links":{"self":[{"href":"https:\/\/portalpopmais.com.br\/en\/wp-json\/wp\/v2\/posts\/173929","targetHints":{"allow":["GET"]}}],"collection":[{"href":"https:\/\/portalpopmais.com.br\/en\/wp-json\/wp\/v2\/posts"}],"about":[{"href":"https:\/\/portalpopmais.com.br\/en\/wp-json\/wp\/v2\/types\/post"}],"author":[{"embeddable":true,"href":"https:\/\/portalpopmais.com.br\/en\/wp-json\/wp\/v2\/users\/2"}],"replies":[{"embeddable":true,"href":"https:\/\/portalpopmais.com.br\/en\/wp-json\/wp\/v2\/comments?post=173929"}],"version-history":[{"count":0,"href":"https:\/\/portalpopmais.com.br\/en\/wp-json\/wp\/v2\/posts\/173929\/revisions"}],"wp:featuredmedia":[{"embeddable":true,"href":"https:\/\/portalpopmais.com.br\/en\/wp-json\/wp\/v2\/media\/173933"}],"wp:attachment":[{"href":"https:\/\/portalpopmais.com.br\/en\/wp-json\/wp\/v2\/media?parent=173929"}],"wp:term":[{"taxonomy":"category","embeddable":true,"href":"https:\/\/portalpopmais.com.br\/en\/wp-json\/wp\/v2\/categories?post=173929"},{"taxonomy":"post_tag","embeddable":true,"href":"https:\/\/portalpopmais.com.br\/en\/wp-json\/wp\/v2\/tags?post=173929"}],"curies":[{"name":"wp","href":"https:\/\/api.w.org\/{rel}","templated":true}]}}