{"id":174635,"date":"2023-04-03T11:00:00","date_gmt":"2023-04-03T14:00:00","guid":{"rendered":"https:\/\/portalpopmais.com.br\/?p=174635"},"modified":"2023-04-03T10:24:37","modified_gmt":"2023-04-03T13:24:37","slug":"joao-guilherme-nao-vai-ao-enterro-de-avo","status":"publish","type":"post","link":"https:\/\/portalpopmais.com.br\/en\/joao-guilherme-nao-vai-ao-enterro-de-avo\/","title":{"rendered":"Jo\u00e3o Guilherme n\u00e3o comparece \u00e0 enterro da av\u00f3 e \u00e9 detonado"},"content":{"rendered":"<p>No \u00faltimo s\u00e1bado (1), a m\u00e3e do cantor <strong><a href=\"https:\/\/www.instagram.com\/portalpopmais\/\" target=\"_blank\" rel=\"noopener\">Leonardo<\/a><\/strong>, Dona Carmen, faleceu aos 87 anos em decorr\u00eancia de um infarto, e no domingo aconteceu o vel\u00f3rio e o enterro dela, mas a falta de um nome parou na web! O ator <a href=\"https:\/\/portalpopmais.com.br\/en\/joao-guilherme-sai-em-defesa-de-bruna-griphao-apos-key-alves-afirmar-que-ela-nao-e-boa-atriz\/\" data-type=\"post\" data-id=\"161323\"><strong>Jo\u00e3o Guilherme<\/strong> <\/a>n\u00e3o compareceu na ocasi\u00e3o, ap\u00f3s ser visto em um shopping no Rio de Janeiro, com alguns amigos. <\/p>\n\n\n\n<p>Os internautas questionaram sobre como poderia estar passeando, em um momento com esse que sua fam\u00edlia estava passando. \u201cN\u00e3o foi no vel\u00f3rio da pr\u00f3pria av\u00f3, que falta de sensibilidade e sem respeito pela fam\u00edlia dele\u201c, disse um. \u201cConsidera\u00e7\u00e3o pela av\u00f3 zero n\u00e9\u201c; \u201cN\u00e3o interessa a conviv\u00eancia com a av\u00f3, e sim o respeito com o pai\u201c, disse outro. \u201cN\u00e3o importa se n\u00e3o tinha conviv\u00eancia com a av\u00f3, mas pelo menos dar apoio ao pai e aos irm\u00e3os ele poderia ter dado n\u00e9\u201c; \u201cN\u00e3o existe a tal da boa rela\u00e7\u00e3o, existe a falta de respeito, essa \u00e9 a tal nova gera\u00e7\u00e3o perdida\u201c, disparou outro. <\/p>\n\n\n\n<p>Do outro lado, pessoas passaram a defender o Jo\u00e3o Guilherme e falaram: \u201cE ela era uma boa av\u00f3 para ele? Povo n\u00e3o est\u00e1 dentro do ambiente familiar e quer ficar julgando as pessoas\u201c. \u00a0\u201cGente, la\u00e7os sangu\u00edneos n\u00e3o significa nada. De repente a av\u00f3 n\u00e3o era presente ou ele n\u00e3o tinha conviv\u00eancia com ela sei l\u00e1.\u00a0<\/p>\n\n\n\n<p>No seu <a href=\"https:\/\/portalpopmais.com.br\/en\/\">Instagram<\/a>, Jo\u00e3o Guilherme postou uma foto ainda beb\u00ea com os av\u00f3s e escreveu: &#8220;Fazer de nossas vidas uma bela hist\u00f3ria para que mesmo na morte sejamos lembrados, am\u00e9m. Carmem e Avelino juntos pra sempre&#8221;. No stories ele publicou uma tela toda preta, em sinal de luto. <\/p>\n\n\n\n<figure class=\"wp-block-embed is-type-rich is-provider-instagram wp-block-embed-instagram\"><div class=\"wp-block-embed__wrapper\">\nhttps:\/\/www.instagram.com\/p\/CqjPx2gO1Wh\/?hl=pt-br\n<\/div><\/figure>","protected":false},"excerpt":{"rendered":"<p>No \u00faltimo s\u00e1bado (1), a m\u00e3e do cantor Leonardo, Dona Carmen, faleceu aos 87 anos em decorr\u00eancia de um infarto, e no domingo aconteceu o vel\u00f3rio e o enterro dela, mas a falta de um nome parou na web! O ator Jo\u00e3o Guilherme n\u00e3o compareceu na ocasi\u00e3o, ap\u00f3s ser visto em um shopping no Rio [&hellip;]<\/p>\n","protected":false},"author":2,"featured_media":174640,"comment_status":"closed","ping_status":"open","sticky":false,"template":"","format":"standard","meta":{"footnotes":""},"categories":[173],"tags":[8449,2399],"class_list":["post-174635","post","type-post","status-publish","format-standard","has-post-thumbnail","hentry","category-celebridades","tag-joao-guilherme-2","tag-leonardo"],"_links":{"self":[{"href":"https:\/\/portalpopmais.com.br\/en\/wp-json\/wp\/v2\/posts\/174635","targetHints":{"allow":["GET"]}}],"collection":[{"href":"https:\/\/portalpopmais.com.br\/en\/wp-json\/wp\/v2\/posts"}],"about":[{"href":"https:\/\/portalpopmais.com.br\/en\/wp-json\/wp\/v2\/types\/post"}],"author":[{"embeddable":true,"href":"https:\/\/portalpopmais.com.br\/en\/wp-json\/wp\/v2\/users\/2"}],"replies":[{"embeddable":true,"href":"https:\/\/portalpopmais.com.br\/en\/wp-json\/wp\/v2\/comments?post=174635"}],"version-history":[{"count":0,"href":"https:\/\/portalpopmais.com.br\/en\/wp-json\/wp\/v2\/posts\/174635\/revisions"}],"wp:featuredmedia":[{"embeddable":true,"href":"https:\/\/portalpopmais.com.br\/en\/wp-json\/wp\/v2\/media\/174640"}],"wp:attachment":[{"href":"https:\/\/portalpopmais.com.br\/en\/wp-json\/wp\/v2\/media?parent=174635"}],"wp:term":[{"taxonomy":"category","embeddable":true,"href":"https:\/\/portalpopmais.com.br\/en\/wp-json\/wp\/v2\/categories?post=174635"},{"taxonomy":"post_tag","embeddable":true,"href":"https:\/\/portalpopmais.com.br\/en\/wp-json\/wp\/v2\/tags?post=174635"}],"curies":[{"name":"wp","href":"https:\/\/api.w.org\/{rel}","templated":true}]}}