{"id":175092,"date":"2023-04-06T14:36:32","date_gmt":"2023-04-06T17:36:32","guid":{"rendered":"https:\/\/portalpopmais.com.br\/?p=175092"},"modified":"2023-04-06T14:45:51","modified_gmt":"2023-04-06T17:45:51","slug":"video-sbt-usa-tragedia-em-creche-de-blumenau-para-fazer-merchan-de-funeraria","status":"publish","type":"post","link":"https:\/\/portalpopmais.com.br\/en\/video-sbt-usa-tragedia-em-creche-de-blumenau-para-fazer-merchan-de-funeraria\/","title":{"rendered":"V\u00cdDEO: SBT usa trag\u00e9dia em creche de Blumenau para fazer merchan de funer\u00e1ria"},"content":{"rendered":"\n<p class=\"wp-block-paragraph\">Em meio \u00e0 trag\u00e9dia que chocou o pa\u00eds, com quatro crian\u00e7as assassinadas em uma creche de <strong><a href=\"https:\/\/portalpopmais.com.br\/apos-tragedia-em-blumenau-ferrugem-cancela-show-nao-tem-clima-de-festa\/\" data-type=\"post\" data-id=\"175034\">Blumenau<\/a><\/strong>, a Rede Massa, afiliada do <a href=\"http:\/\/sbt.com.br\" target=\"_blank\" rel=\"noopener\">SBT<\/a> no Paran\u00e1, aproveitou a oportunidade para lucrar em cima da dor alheia.<\/p>\n\n\n\n<p class=\"wp-block-paragraph\">O canal, que pertence ao apresentador Ratinho, usou a cobertura do ataque para fazer uma a\u00e7\u00e3o de merchandising de uma, acreditem, funer\u00e1ria.<\/p>\n\n\n\n<h2 class=\"wp-block-heading\">Veja tamb\u00e9m<\/h2>\n\n\n<ul class=\"wp-block-latest-posts__list is-grid aligncenter wp-block-latest-posts is-layout-flow wp-block-latest-posts-is-layout-flow\"><li><div class=\"wp-block-latest-posts__featured-image aligncenter\"><a href=\"https:\/\/portalpopmais.com.br\/en\/miss-de-santa-catarina-morre-aos-42-anos-vitima-de-cancer\/\" aria-label=\"Miss de Santa Catarina morre aos 42 anos v\u00edtima de c\u00e2ncer\"><img loading=\"lazy\" decoding=\"async\" width=\"768\" height=\"456\" src=\"https:\/\/portalpopmais.com.br\/wp-content\/uploads\/2026\/09\/ex-miss-1-1-768x456.webp\" class=\"attachment-medium size-medium wp-post-image\" alt=\"ex miss 1 1\" style=\"\" srcset=\"https:\/\/portalpopmais.com.br\/wp-content\/uploads\/2026\/09\/ex-miss-1-1-768x456.webp 768w, https:\/\/portalpopmais.com.br\/wp-content\/uploads\/2026\/09\/ex-miss-1-1-1170x694.webp 1170w, https:\/\/portalpopmais.com.br\/wp-content\/uploads\/2026\/09\/ex-miss-1-1-18x12.webp 18w\" sizes=\"auto, (max-width: 768px) 100vw, 768px\" title=\"\"><\/a><\/div><a class=\"wp-block-latest-posts__post-title\" href=\"https:\/\/portalpopmais.com.br\/en\/miss-de-santa-catarina-morre-aos-42-anos-vitima-de-cancer\/\">Miss de Santa Catarina morre aos 42 anos v\u00edtima de c\u00e2ncer<\/a><\/li>\n<li><div class=\"wp-block-latest-posts__featured-image aligncenter\"><a href=\"https:\/\/portalpopmais.com.br\/en\/carla-jeffery-atriz-da-disney-morre-aos-33-anos\/\" aria-label=\"Carla Jeffery, atriz da Disney, morre aos 33 anos\"><img loading=\"lazy\" decoding=\"async\" width=\"768\" height=\"456\" src=\"https:\/\/portalpopmais.com.br\/wp-content\/uploads\/2026\/09\/Carla-Jeffries-obit-zombies-1420x798-1-768x456.jpg\" class=\"attachment-medium size-medium wp-post-image\" alt=\"Carla Jeffries obit zombies 1420x798\" style=\"\" srcset=\"https:\/\/portalpopmais.com.br\/wp-content\/uploads\/2026\/09\/Carla-Jeffries-obit-zombies-1420x798-1-768x456.jpg 768w, https:\/\/portalpopmais.com.br\/wp-content\/uploads\/2026\/09\/Carla-Jeffries-obit-zombies-1420x798-1-1170x694.jpg 1170w, https:\/\/portalpopmais.com.br\/wp-content\/uploads\/2026\/09\/Carla-Jeffries-obit-zombies-1420x798-1-18x10.jpg 18w\" sizes=\"auto, (max-width: 768px) 100vw, 768px\" title=\"\"><\/a><\/div><a class=\"wp-block-latest-posts__post-title\" href=\"https:\/\/portalpopmais.com.br\/en\/carla-jeffery-atriz-da-disney-morre-aos-33-anos\/\">Carla Jeffery, atriz da Disney, morre aos 33 anos<\/a><\/li>\n<li><div class=\"wp-block-latest-posts__featured-image aligncenter\"><a href=\"https:\/\/portalpopmais.com.br\/en\/mark-ruffalo-e-acusado-de-antissemitismo-apos-criticas-a-paramount-e-recebe-apoio-de-artistas-judeus\/\" aria-label=\"Mark Ruffalo \u00e9 acusado de antissemitismo ap\u00f3s cr\u00edticas \u00e0 Paramount e recebe apoio de artistas judeus\"><img loading=\"lazy\" decoding=\"async\" width=\"768\" height=\"456\" src=\"https:\/\/portalpopmais.com.br\/wp-content\/uploads\/2026\/09\/4585783.jpg-r-1920-1080-f-jpg-q-x-xxyxx-768x456.jpg\" class=\"attachment-medium size-medium wp-post-image\" alt=\"4585783.jpg r 1920 1080 f jpg q x xxyxx\" style=\"\" srcset=\"https:\/\/portalpopmais.com.br\/wp-content\/uploads\/2026\/09\/4585783.jpg-r-1920-1080-f-jpg-q-x-xxyxx-768x456.jpg 768w, https:\/\/portalpopmais.com.br\/wp-content\/uploads\/2026\/09\/4585783.jpg-r-1920-1080-f-jpg-q-x-xxyxx-18x10.jpg 18w\" sizes=\"auto, (max-width: 768px) 100vw, 768px\" title=\"\"><\/a><\/div><a class=\"wp-block-latest-posts__post-title\" href=\"https:\/\/portalpopmais.com.br\/en\/mark-ruffalo-e-acusado-de-antissemitismo-apos-criticas-a-paramount-e-recebe-apoio-de-artistas-judeus\/\">Mark Ruffalo \u00e9 acusado de antissemitismo ap\u00f3s cr\u00edticas \u00e0 Paramount e recebe apoio de artistas judeus<\/a><\/li>\n<li><div class=\"wp-block-latest-posts__featured-image aligncenter\"><a href=\"https:\/\/portalpopmais.com.br\/en\/patricia-ramos-anuncia-fim-do-namoro-com-modelo-apos-dois-meses-e-responde-criticas-manda-curriculo\/\" aria-label=\"Patr\u00edcia Ramos anuncia fim do namoro com modelo ap\u00f3s dois meses e responde cr\u00edticas: &#8220;Manda curr\u00edculo&#8221;\"><img loading=\"lazy\" decoding=\"async\" width=\"768\" height=\"456\" src=\"https:\/\/portalpopmais.com.br\/wp-content\/uploads\/2026\/09\/texto-do-seu-paragrafo-2026-09-01t165110.515-768x456.jpeg\" class=\"attachment-medium size-medium wp-post-image\" alt=\"texto do seu paragrafo 2026 09 01t165110.515\" style=\"\" srcset=\"https:\/\/portalpopmais.com.br\/wp-content\/uploads\/2026\/09\/texto-do-seu-paragrafo-2026-09-01t165110.515-768x456.jpeg 768w, https:\/\/portalpopmais.com.br\/wp-content\/uploads\/2026\/09\/texto-do-seu-paragrafo-2026-09-01t165110.515-18x12.jpeg 18w\" sizes=\"auto, (max-width: 768px) 100vw, 768px\" title=\"\"><\/a><\/div><a class=\"wp-block-latest-posts__post-title\" href=\"https:\/\/portalpopmais.com.br\/en\/patricia-ramos-anuncia-fim-do-namoro-com-modelo-apos-dois-meses-e-responde-criticas-manda-curriculo\/\">Patr\u00edcia Ramos anuncia fim do namoro com modelo ap\u00f3s dois meses e responde cr\u00edticas: &#8220;Manda curr\u00edculo&#8221;<\/a><\/li>\n<li><div class=\"wp-block-latest-posts__featured-image aligncenter\"><a href=\"https:\/\/portalpopmais.com.br\/en\/esposa-tenta-convencer-roberto-justus-a-comer-escorpiao-e-grilo-durante-viagem-a-china\/\" aria-label=\"Esposa tenta convencer Roberto Justus a comer escorpi\u00e3o e grilo durante viagem \u00e0 China\"><img loading=\"lazy\" decoding=\"async\" width=\"768\" height=\"456\" src=\"https:\/\/portalpopmais.com.br\/wp-content\/uploads\/2026\/09\/image-16-768x456.png\" class=\"attachment-medium size-medium wp-post-image\" alt=\"image\" style=\"\" srcset=\"https:\/\/portalpopmais.com.br\/wp-content\/uploads\/2026\/09\/image-16-768x456.png 768w, https:\/\/portalpopmais.com.br\/wp-content\/uploads\/2026\/09\/image-16-18x10.png 18w, https:\/\/portalpopmais.com.br\/wp-content\/uploads\/2026\/09\/image-16-1170x694.png 1170w\" sizes=\"auto, (max-width: 768px) 100vw, 768px\" title=\"\"><\/a><\/div><a class=\"wp-block-latest-posts__post-title\" href=\"https:\/\/portalpopmais.com.br\/en\/esposa-tenta-convencer-roberto-justus-a-comer-escorpiao-e-grilo-durante-viagem-a-china\/\">Esposa tenta convencer Roberto Justus a comer escorpi\u00e3o e grilo durante viagem \u00e0 China<\/a><\/li>\n<li><div class=\"wp-block-latest-posts__featured-image aligncenter\"><a href=\"https:\/\/portalpopmais.com.br\/en\/harry-e-meghan-matriculam-archie-e-lilibet-em-escola-de-elite-com-mensalidade-superior-a-r-180-mil-por-ano\/\" aria-label=\"Harry e Meghan matriculam Archie e Lilibet em escola de elite com mensalidade superior a R$ 180 mil por ano\"><img loading=\"lazy\" decoding=\"async\" width=\"768\" height=\"456\" src=\"https:\/\/portalpopmais.com.br\/wp-content\/uploads\/2026\/09\/meghan-1766157304-3791124706129706755-54096840309-1--768x456.jpg\" class=\"attachment-medium size-medium wp-post-image\" alt=\"meghan 1766157304 3791124706129706755 54096840309 1\" style=\"\" srcset=\"https:\/\/portalpopmais.com.br\/wp-content\/uploads\/2026\/09\/meghan-1766157304-3791124706129706755-54096840309-1--768x456.jpg 768w, https:\/\/portalpopmais.com.br\/wp-content\/uploads\/2026\/09\/meghan-1766157304-3791124706129706755-54096840309-1--18x12.jpg 18w\" sizes=\"auto, (max-width: 768px) 100vw, 768px\" title=\"\"><\/a><\/div><a class=\"wp-block-latest-posts__post-title\" href=\"https:\/\/portalpopmais.com.br\/en\/harry-e-meghan-matriculam-archie-e-lilibet-em-escola-de-elite-com-mensalidade-superior-a-r-180-mil-por-ano\/\">Harry e Meghan matriculam Archie e Lilibet em escola de elite com mensalidade superior a R$ 180 mil por ano<\/a><\/li>\n<\/ul>\n\n\n<p class=\"wp-block-paragraph\">Tudo leva a crer que tudo foi de caso pensado, ainda mais pelo texto lido pelo apresentador Lucas Rocha. &#8220;Tem momentos na vida que s\u00e3o muito dif\u00edceis, e at\u00e9 por isso que todos os dias a gente traz aqui a [nome da ag\u00eancia funer\u00e1ria], que \u00e9 uma empresa que a gente confia na hora que a gente mais precisa. Fala mais sobre isso pra gente, Ed&#8221;, come\u00e7ou ele, passando a bola para o merchandete.<\/p>\n\n\n\n<p class=\"wp-block-paragraph\">&#8220;Exatamente. Esse momento triste que a gente est\u00e1 vendo agora, trag\u00e9dia, voc\u00ea imagina os pais dessas crian\u00e7as, que levaram as crian\u00e7as de manh\u00e3 para uma creche e n\u00e3o v\u00e3o ter eles \u00e0 noite, n\u00e9? A morte ela chega quando a gente menos espera, e a gente fala disso todos os dias, da import\u00e2ncia de voc\u00ea estar preparado com essa empresa aqui, \u00f3 [nome da ag\u00eancia funer\u00e1ria], que tem na sua logo aqui &#8216;sua fam\u00edlia em boas m\u00e3os&#8217;, porque \u00e9 nesse exato momento que voc\u00ea n\u00e3o tem cabe\u00e7a pra nada, n\u00e3o consegue decidir nada, n\u00e3o consegue falar com ningu\u00e9m, voc\u00ea quer simplesmente estar naquele momento dando adeus pra pessoa que voc\u00ea ama&#8221;, disse Ed, o vendedor da funer\u00e1ria.<\/p>\n\n\n\n<p class=\"wp-block-paragraph\">A postura do canal causou revolta entre os internautas, tanto que a dire\u00e7\u00e3o do programa retirou do ar a edi\u00e7\u00e3o desta quarta-feira (5), que estava dispon\u00edvel no YouTube.<\/p>\n\n\n\n<p class=\"wp-block-paragraph\">No Twitter, internautas viralizaram o v\u00eddeo da a\u00e7\u00e3o. <a href=\"http:\/\/portalpopmais.com.br\">Veja<\/a>:<\/p>\n\n\n\n<figure class=\"wp-block-embed is-type-rich is-provider-twitter wp-block-embed-twitter\"><div class=\"wp-block-embed__wrapper\">\n<blockquote class=\"twitter-tweet\" data-width=\"550\" data-dnt=\"true\"><p lang=\"pt\" dir=\"ltr\">O que a cobertura da trag\u00e9dia de Blumenau n\u00e3o teve de \u00e9tica teve de patrocinador. <a href=\"https:\/\/t.co\/2IJKFc2A0y\">pic.twitter.com\/2IJKFc2A0y<\/a><\/p>&mdash; Antonio Tabet (@antoniotabet) <a href=\"https:\/\/twitter.com\/antoniotabet\/status\/1643766311271510017?ref_src=twsrc%5Etfw\" target=\"_blank\" rel=\"noopener\">April 6, 2023<\/a><\/blockquote><script async src=\"https:\/\/platform.twitter.com\/widgets.js\" charset=\"utf-8\"><\/script>\n<\/div><\/figure>\n","protected":false},"excerpt":{"rendered":"<p>Em meio \u00e0 trag\u00e9dia que chocou o pa\u00eds, com quatro crian\u00e7as assassinadas em uma creche de Blumenau, a Rede Massa, afiliada do SBT no Paran\u00e1, aproveitou a oportunidade para lucrar em cima da dor alheia. O canal, que pertence ao apresentador Ratinho, usou a cobertura do ataque para fazer uma a\u00e7\u00e3o de merchandising de uma, [&hellip;]<\/p>\n","protected":false},"author":2,"featured_media":175095,"comment_status":"closed","ping_status":"open","sticky":false,"template":"","format":"standard","meta":{"footnotes":""},"categories":[181],"tags":[642,403],"class_list":["post-175092","post","type-post","status-publish","format-standard","has-post-thumbnail","hentry","category-televisao","tag-ratinho","tag-sbt"],"_links":{"self":[{"href":"https:\/\/portalpopmais.com.br\/en\/wp-json\/wp\/v2\/posts\/175092","targetHints":{"allow":["GET"]}}],"collection":[{"href":"https:\/\/portalpopmais.com.br\/en\/wp-json\/wp\/v2\/posts"}],"about":[{"href":"https:\/\/portalpopmais.com.br\/en\/wp-json\/wp\/v2\/types\/post"}],"author":[{"embeddable":true,"href":"https:\/\/portalpopmais.com.br\/en\/wp-json\/wp\/v2\/users\/2"}],"replies":[{"embeddable":true,"href":"https:\/\/portalpopmais.com.br\/en\/wp-json\/wp\/v2\/comments?post=175092"}],"version-history":[{"count":0,"href":"https:\/\/portalpopmais.com.br\/en\/wp-json\/wp\/v2\/posts\/175092\/revisions"}],"wp:featuredmedia":[{"embeddable":true,"href":"https:\/\/portalpopmais.com.br\/en\/wp-json\/wp\/v2\/media\/175095"}],"wp:attachment":[{"href":"https:\/\/portalpopmais.com.br\/en\/wp-json\/wp\/v2\/media?parent=175092"}],"wp:term":[{"taxonomy":"category","embeddable":true,"href":"https:\/\/portalpopmais.com.br\/en\/wp-json\/wp\/v2\/categories?post=175092"},{"taxonomy":"post_tag","embeddable":true,"href":"https:\/\/portalpopmais.com.br\/en\/wp-json\/wp\/v2\/tags?post=175092"}],"curies":[{"name":"wp","href":"https:\/\/api.w.org\/{rel}","templated":true}]}}