{"id":175580,"date":"2023-04-12T10:27:34","date_gmt":"2023-04-12T13:27:34","guid":{"rendered":"https:\/\/portalpopmais.com.br\/?p=175580"},"modified":"2023-04-12T10:27:47","modified_gmt":"2023-04-12T13:27:47","slug":"adolescente-14-anos-preso-apologia-ao-nazismo","status":"publish","type":"post","link":"https:\/\/portalpopmais.com.br\/en\/adolescente-14-anos-preso-apologia-ao-nazismo\/","title":{"rendered":"Adolescente de 14 anos \u00e9 apreendido e pais s\u00e3o presos em flagrante com material de apologia ao nazismo no RS"},"content":{"rendered":"<p>Na noite desta ter\u00e7a-feira (11), um adolescente de 14 anos foi apreendido por ato an\u00e1logo ao terrorismo, com s\u00edmbolos nazistas em casa, na cidade de Maquin\u00e9, no Litoral Norte do <a href=\"https:\/\/portalpopmais.com.br\/en\/morre-voltaire-porto-47-anos\/\" data-type=\"post\" data-id=\"154399\">Rio Grande do Sul<\/a>. Os pais do menor tamb\u00e9m foram presos em flagrante por apologia ao nazismo. As infroma\u00e7\u00f5es s\u00e3o do g1.<\/p>\n\n\n\n<p>Segundo a publica\u00e7\u00e3o, a Pol\u00edcia Civil chegou ao local ap\u00f3s monitorar trocas de mensagens por perfis dele nas redes sociais e obter um mandado de busca e apreens\u00e3o para o im\u00f3vel. Na <a href=\"http:\/\/twitter.com\/sitepopmais\" target=\"_blank\" rel=\"noopener\">casa<\/a>, os policiais encontraram bandeiras, gravuras dos ditadores Adolf Hitler, da Alemanha, e Benito Mussolini, da It\u00e1lia, al\u00e9m de facas, canivetes e uma arma de fogo falsa.<\/p>\n\n\n\n<p><em>&#8220;A gente apresentou o adolescente e os pais, o pai e a m\u00e3e, \u00e0 pol\u00edcia exatamente porque n\u00e3o tinha como n\u00e3o estar sabendo do que estava acontecendo naquela casa dado o farto material que foi apreendido&#8221;<\/em>, diz o delegado Marco Ant\u00f4nio de Souza.<\/p>\n\n\n\n<center><blockquote class=\"twitter-tweet\"><p lang=\"pt\" dir=\"ltr\">\ud83d\udea8BRASIL: Adolescente de 14 anos \u00e9 apreendido e pais s\u00e3o presos em flagrante com material de apologia ao nazismo, no Rio Grande do Sul. <a href=\"https:\/\/t.co\/1YJIBP3jsO\">pic.twitter.com\/1YJIBP3jsO<\/a><\/p>&mdash; CHOQUEI (@choquei) <a href=\"https:\/\/twitter.com\/choquei\/status\/1646137881478541312?ref_src=twsrc%5Etfw\" target=\"_blank\" rel=\"noopener\">April 12, 2023<\/a><\/blockquote> <script async src=\"https:\/\/platform.twitter.com\/widgets.js\" charset=\"utf-8\"><\/script><\/center>","protected":false},"excerpt":{"rendered":"<p>Na noite desta ter\u00e7a-feira (11), um adolescente de 14 anos foi apreendido por ato an\u00e1logo ao terrorismo, com s\u00edmbolos nazistas em casa, na cidade de Maquin\u00e9, no Litoral Norte do Rio Grande do Sul. Os pais do menor tamb\u00e9m foram presos em flagrante por apologia ao nazismo. As infroma\u00e7\u00f5es s\u00e3o do g1. Segundo a publica\u00e7\u00e3o, [&hellip;]<\/p>\n","protected":false},"author":2,"featured_media":175583,"comment_status":"closed","ping_status":"open","sticky":false,"template":"","format":"standard","meta":{"footnotes":""},"categories":[2165],"tags":[14577],"class_list":["post-175580","post","type-post","status-publish","format-standard","has-post-thumbnail","hentry","category-noticias","tag-rio-grande-do-sul"],"_links":{"self":[{"href":"https:\/\/portalpopmais.com.br\/en\/wp-json\/wp\/v2\/posts\/175580","targetHints":{"allow":["GET"]}}],"collection":[{"href":"https:\/\/portalpopmais.com.br\/en\/wp-json\/wp\/v2\/posts"}],"about":[{"href":"https:\/\/portalpopmais.com.br\/en\/wp-json\/wp\/v2\/types\/post"}],"author":[{"embeddable":true,"href":"https:\/\/portalpopmais.com.br\/en\/wp-json\/wp\/v2\/users\/2"}],"replies":[{"embeddable":true,"href":"https:\/\/portalpopmais.com.br\/en\/wp-json\/wp\/v2\/comments?post=175580"}],"version-history":[{"count":0,"href":"https:\/\/portalpopmais.com.br\/en\/wp-json\/wp\/v2\/posts\/175580\/revisions"}],"wp:featuredmedia":[{"embeddable":true,"href":"https:\/\/portalpopmais.com.br\/en\/wp-json\/wp\/v2\/media\/175583"}],"wp:attachment":[{"href":"https:\/\/portalpopmais.com.br\/en\/wp-json\/wp\/v2\/media?parent=175580"}],"wp:term":[{"taxonomy":"category","embeddable":true,"href":"https:\/\/portalpopmais.com.br\/en\/wp-json\/wp\/v2\/categories?post=175580"},{"taxonomy":"post_tag","embeddable":true,"href":"https:\/\/portalpopmais.com.br\/en\/wp-json\/wp\/v2\/tags?post=175580"}],"curies":[{"name":"wp","href":"https:\/\/api.w.org\/{rel}","templated":true}]}}