{"id":176413,"date":"2023-04-18T13:00:00","date_gmt":"2023-04-18T16:00:00","guid":{"rendered":"https:\/\/portalpopmais.com.br\/?p=176413"},"modified":"2023-04-18T10:47:09","modified_gmt":"2023-04-18T13:47:09","slug":"pabllo-vittar-e-confirmada-no-the-town","status":"publish","type":"post","link":"https:\/\/portalpopmais.com.br\/en\/pabllo-vittar-e-confirmada-no-the-town\/","title":{"rendered":"Pabllo Vittar ir\u00e1 receber Liniker e Jup do Bairro no palco do The Town"},"content":{"rendered":"<p class=\"wp-block-paragraph\">Na noite desta segunda-feira (17), <a href=\"https:\/\/www.instagram.com\/portalpopmais\/\" target=\"_blank\" rel=\"noopener\"><strong>Pabllo Vittar<\/strong> foi mais um nome anunciado para a primeira edi\u00e7\u00e3o do <strong>The Town<\/strong><\/a>, que acontece em setembro, no Aut\u00f3dromo de Interlagos, em S\u00e3o Paulo. A cantora se apresentar\u00e1 no dia 10 de setembro, no Palco The One.<\/p>\n\n\n\n<p class=\"wp-block-paragraph\">A artista \u00b4promete um show repleta de energia e de hits dos seus \u00faltimos \u00e1lbuns. Al\u00e9m disso, a drag queen ir\u00e1 receber como convidadas especiais, as cantoras<strong> <a href=\"https:\/\/portalpopmais.com.br\/en\/manu-gavassi-video-ovelha-negra-liniker\/\" data-type=\"post\" data-id=\"164680\">Liniker<\/a><\/strong> e<a href=\"https:\/\/portalpopmais.com.br\/en\/\"> <strong>Jup do Bairro<\/strong><\/a>.<\/p>\n\n\n\n<p class=\"wp-block-paragraph\">&#8220;Eu estou emocionada demais com mais essa conquista na minha carreira, que vai ser cantar no &#8216;The Town&#8217;, ao lado da Liniker e Jup do Bairro que s\u00e3o grandes artistas que eu admiro. Preparem-se que mam\u00e3e est\u00e1 preparando um show lindo para voc\u00eas, quero ver todo mundo no The Town, dia 10 de setembro, combinado?&#8221;, comemora Pabllo Vittar.\u00a0<\/p>\n\n\n\n<figure class=\"wp-block-embed is-type-rich is-provider-instagram wp-block-embed-instagram\"><div class=\"wp-block-embed__wrapper\">\nhttps:\/\/www.instagram.com\/p\/CrKFNLqvVNk\/\n<\/div><\/figure>","protected":false},"excerpt":{"rendered":"<p>Na noite desta segunda-feira (17), Pabllo Vittar foi mais um nome anunciado para a primeira edi\u00e7\u00e3o do The Town, que acontece em setembro, no Aut\u00f3dromo de Interlagos, em S\u00e3o Paulo. A cantora se apresentar\u00e1 no dia 10 de setembro, no Palco The One. A artista \u00b4promete um show repleta de energia e de hits dos [&hellip;]<\/p>\n","protected":false},"author":2,"featured_media":176415,"comment_status":"closed","ping_status":"open","sticky":false,"template":"","format":"standard","meta":{"footnotes":""},"categories":[154],"tags":[164,12968],"class_list":["post-176413","post","type-post","status-publish","format-standard","has-post-thumbnail","hentry","category-musica","tag-pabllo-vittar","tag-the-town"],"_links":{"self":[{"href":"https:\/\/portalpopmais.com.br\/en\/wp-json\/wp\/v2\/posts\/176413","targetHints":{"allow":["GET"]}}],"collection":[{"href":"https:\/\/portalpopmais.com.br\/en\/wp-json\/wp\/v2\/posts"}],"about":[{"href":"https:\/\/portalpopmais.com.br\/en\/wp-json\/wp\/v2\/types\/post"}],"author":[{"embeddable":true,"href":"https:\/\/portalpopmais.com.br\/en\/wp-json\/wp\/v2\/users\/2"}],"replies":[{"embeddable":true,"href":"https:\/\/portalpopmais.com.br\/en\/wp-json\/wp\/v2\/comments?post=176413"}],"version-history":[{"count":0,"href":"https:\/\/portalpopmais.com.br\/en\/wp-json\/wp\/v2\/posts\/176413\/revisions"}],"wp:featuredmedia":[{"embeddable":true,"href":"https:\/\/portalpopmais.com.br\/en\/wp-json\/wp\/v2\/media\/176415"}],"wp:attachment":[{"href":"https:\/\/portalpopmais.com.br\/en\/wp-json\/wp\/v2\/media?parent=176413"}],"wp:term":[{"taxonomy":"category","embeddable":true,"href":"https:\/\/portalpopmais.com.br\/en\/wp-json\/wp\/v2\/categories?post=176413"},{"taxonomy":"post_tag","embeddable":true,"href":"https:\/\/portalpopmais.com.br\/en\/wp-json\/wp\/v2\/tags?post=176413"}],"curies":[{"name":"wp","href":"https:\/\/api.w.org\/{rel}","templated":true}]}}