{"id":177604,"date":"2023-04-26T14:04:29","date_gmt":"2023-04-26T17:04:29","guid":{"rendered":"https:\/\/portalpopmais.com.br\/?p=177604"},"modified":"2023-04-26T14:04:40","modified_gmt":"2023-04-26T17:04:40","slug":"mc-pipokinha-gravida-do-mc-lan","status":"publish","type":"post","link":"https:\/\/portalpopmais.com.br\/en\/mc-pipokinha-gravida-do-mc-lan\/","title":{"rendered":"Mc Pipokinha gr\u00e1vida do Mc Lan? Cantora se pronuncia"},"content":{"rendered":"<p class=\"wp-block-paragraph\"><strong><a href=\"https:\/\/portalpopmais.com.br\/en\/mc-pipokinha-vira-manchete-em-jornal-britanico\/\" data-type=\"post\" data-id=\"177383\">MC Pipokinha<\/a> <\/strong>e <strong><a href=\"https:\/\/www.instagram.com\/portalpopmais\/\" target=\"_blank\" rel=\"noopener\">MC Lan<\/a><\/strong> vem mantendo um relacionamento e nesta quarta-feira (26), a cantora deu um susto ao revelar que sua menstrua\u00e7\u00e3o estava atrasada e uma poss\u00edvel gesta\u00e7\u00e3o do funkeiro, que ficou assuntado com a possibilidade de ser pai. <\/p>\n\n\n\n<p class=\"wp-block-paragraph\">Mas, n\u00e3o passou de um susto para o casal informou que a menstrua\u00e7\u00e3o desceu e assim, descartaram uma gesta\u00e7\u00e3o.\u00a0\u201c\u00c9 a gloria, \u00e9 a gl\u00f3ria. Minha menstrua\u00e7\u00e3o desceu\u201d,\u00a0comemorou Pipokinha nas redes sociais.<\/p>\n\n\n\n<p class=\"wp-block-paragraph\">\u201cMeu Deus, eu fiquei apavorada, Alan. N\u00e3o vai ser pai. Eu te assustei com a mensagem. J\u00e1 est\u00e1 tudo bem, j\u00e1 desceu. Deus, obrigado\u201d, completou MC Pipokinha.<\/p>\n\n\n\n<p class=\"wp-block-paragraph\"><a href=\"https:\/\/portalpopmais.com.br\/en\/\">Mc Pipokinha<\/a> j\u00e1 \u00e9 m\u00e3e de uma menina de 7 anos, onde engravidou aos 16 anos. A filha que vive com os av\u00f3s, fica longe dos holofotes e pol\u00eamicas de sua m\u00e3e. <\/p>\n\n\n\n<p class=\"wp-block-paragraph\"><strong>Veja:<\/strong><\/p>\n\n\n\n<blockquote class=\"twitter-tweet\"><p lang=\"pt\" dir=\"ltr\">Mc Pipokinha comemora que sua menstrua\u00e7\u00e3o desceu e avisa Mc Lan que ele n\u00e3o ser\u00e1 pai <a href=\"https:\/\/t.co\/T5QDYECatP\">pic.twitter.com\/T5QDYECatP<\/a><\/p>&mdash; FOFOQUEI (@FOFOQUEl) <a href=\"https:\/\/twitter.com\/FOFOQUEl\/status\/1650932708422328324?ref_src=twsrc%5Etfw\" target=\"_blank\" rel=\"noopener\">April 25, 2023<\/a><\/blockquote> <script async src=\"https:\/\/platform.twitter.com\/widgets.js\" charset=\"utf-8\"><\/script>","protected":false},"excerpt":{"rendered":"<p>MC Pipokinha e MC Lan vem mantendo um relacionamento e nesta quarta-feira (26), a cantora deu um susto ao revelar que sua menstrua\u00e7\u00e3o estava atrasada e uma poss\u00edvel gesta\u00e7\u00e3o do funkeiro, que ficou assuntado com a possibilidade de ser pai. Mas, n\u00e3o passou de um susto para o casal informou que a menstrua\u00e7\u00e3o desceu e [&hellip;]<\/p>\n","protected":false},"author":2,"featured_media":177606,"comment_status":"closed","ping_status":"open","sticky":false,"template":"","format":"standard","meta":{"footnotes":""},"categories":[173],"tags":[2418,13506],"class_list":["post-177604","post","type-post","status-publish","format-standard","has-post-thumbnail","hentry","category-celebridades","tag-mc-lan","tag-mc-pipokinha"],"_links":{"self":[{"href":"https:\/\/portalpopmais.com.br\/en\/wp-json\/wp\/v2\/posts\/177604","targetHints":{"allow":["GET"]}}],"collection":[{"href":"https:\/\/portalpopmais.com.br\/en\/wp-json\/wp\/v2\/posts"}],"about":[{"href":"https:\/\/portalpopmais.com.br\/en\/wp-json\/wp\/v2\/types\/post"}],"author":[{"embeddable":true,"href":"https:\/\/portalpopmais.com.br\/en\/wp-json\/wp\/v2\/users\/2"}],"replies":[{"embeddable":true,"href":"https:\/\/portalpopmais.com.br\/en\/wp-json\/wp\/v2\/comments?post=177604"}],"version-history":[{"count":0,"href":"https:\/\/portalpopmais.com.br\/en\/wp-json\/wp\/v2\/posts\/177604\/revisions"}],"wp:featuredmedia":[{"embeddable":true,"href":"https:\/\/portalpopmais.com.br\/en\/wp-json\/wp\/v2\/media\/177606"}],"wp:attachment":[{"href":"https:\/\/portalpopmais.com.br\/en\/wp-json\/wp\/v2\/media?parent=177604"}],"wp:term":[{"taxonomy":"category","embeddable":true,"href":"https:\/\/portalpopmais.com.br\/en\/wp-json\/wp\/v2\/categories?post=177604"},{"taxonomy":"post_tag","embeddable":true,"href":"https:\/\/portalpopmais.com.br\/en\/wp-json\/wp\/v2\/tags?post=177604"}],"curies":[{"name":"wp","href":"https:\/\/api.w.org\/{rel}","templated":true}]}}