{"id":177613,"date":"2023-04-26T18:47:35","date_gmt":"2023-04-26T21:47:35","guid":{"rendered":"https:\/\/portalpopmais.com.br\/?p=177613"},"modified":"2023-04-26T18:47:48","modified_gmt":"2023-04-26T21:47:48","slug":"planta-e-raiz-faz-show-energetico-e-leva-multidao-ao-sesc-itaquera-para-cantar-maiores-sucessos","status":"publish","type":"post","link":"https:\/\/portalpopmais.com.br\/en\/planta-e-raiz-faz-show-energetico-e-leva-multidao-ao-sesc-itaquera-para-cantar-maiores-sucessos\/","title":{"rendered":"Planta e Raiz faz show energ\u00e9tico e leva multid\u00e3o ao Sesc Itaquera para cantar maiores sucessos"},"content":{"rendered":"<p>Uma das bandas de reggae mais longevas e populares do pa\u00eds, <strong><a href=\"https:\/\/portalpopmais.com.br\/en\/plugado-podcast-convida-planta-raiz-em-celebracao-aos-25-anos-do-grupo\/\" data-type=\"post\" data-id=\"165347\">Planta e Raiz<\/a><\/strong> fez um showza\u00e7o no \u00faltimo domingo (23) no Sesc Itaquera, Zona Leste de S\u00e3o Paulo.<\/p>\n\n\n\n<p>O grupo liderado por Zeider subiu ao palco e entregou energia total para uma plateia de mais de 14 mil pessoas que estavam ansiosas para ouvir grandes sucessos como &#8220;Com Certeza&#8221;, &#8220;A Dois Passos do Para\u00edso&#8221;, &#8220;Aquele Lugar&#8221;, &#8220;Oh, Chuva&#8221;, entre outros.<\/p>\n\n\n\n<figure class=\"wp-block-image size-large\"><img loading=\"lazy\" decoding=\"async\" width=\"1170\" height=\"694\" src=\"https:\/\/portalpopmais.com.br\/wp-content\/uploads\/2023\/04\/PhotoPlantaRaiz090-1170x694.jpg\" alt=\"Planta e Raiz\" class=\"wp-image-177615\" title=\"\" srcset=\"https:\/\/portalpopmais.com.br\/wp-content\/uploads\/2023\/04\/PhotoPlantaRaiz090-1170x694.jpg 1170w, https:\/\/portalpopmais.com.br\/wp-content\/uploads\/2023\/04\/PhotoPlantaRaiz090-768x456.jpg 768w\" sizes=\"auto, (max-width: 1170px) 100vw, 1170px\" \/><figcaption class=\"wp-element-caption\">Foto: Divulga\u00e7\u00e3o<\/figcaption><\/figure>\n\n\n\n<p>O Planta tem colhido bons frutos na atual fase p\u00f3s-pand\u00eamica. Lan\u00e7ou o projeto &#8220;Ac\u00fastico Planta e Raiz&#8221; e fez um show elogiado no Lollapalooza Brasil 2023 ao lado dos baianos do Olodum. O show em Itaquera foi mais um cap\u00edtulo da hist\u00f3ria deste grupo que j\u00e1 conta com mais de 25 anos de carreira. &#8220;Ver pessoas se curando e se libertando com nossas can\u00e7\u00f5es foi uma experi\u00eancia visceral neste \u00faltimo domingo&#8221;, conta Zeider.<\/p>","protected":false},"excerpt":{"rendered":"<p>Uma das bandas de reggae mais longevas e populares do pa\u00eds, Planta e Raiz fez um showza\u00e7o no \u00faltimo domingo (23) no Sesc Itaquera, Zona Leste de S\u00e3o Paulo. O grupo liderado por Zeider subiu ao palco e entregou energia total para uma plateia de mais de 14 mil pessoas que estavam ansiosas para ouvir [&hellip;]<\/p>\n","protected":false},"author":2,"featured_media":177614,"comment_status":"closed","ping_status":"open","sticky":false,"template":"","format":"standard","meta":{"footnotes":""},"categories":[154],"tags":[3746],"class_list":["post-177613","post","type-post","status-publish","format-standard","has-post-thumbnail","hentry","category-musica","tag-planta-e-raiz"],"_links":{"self":[{"href":"https:\/\/portalpopmais.com.br\/en\/wp-json\/wp\/v2\/posts\/177613","targetHints":{"allow":["GET"]}}],"collection":[{"href":"https:\/\/portalpopmais.com.br\/en\/wp-json\/wp\/v2\/posts"}],"about":[{"href":"https:\/\/portalpopmais.com.br\/en\/wp-json\/wp\/v2\/types\/post"}],"author":[{"embeddable":true,"href":"https:\/\/portalpopmais.com.br\/en\/wp-json\/wp\/v2\/users\/2"}],"replies":[{"embeddable":true,"href":"https:\/\/portalpopmais.com.br\/en\/wp-json\/wp\/v2\/comments?post=177613"}],"version-history":[{"count":0,"href":"https:\/\/portalpopmais.com.br\/en\/wp-json\/wp\/v2\/posts\/177613\/revisions"}],"wp:featuredmedia":[{"embeddable":true,"href":"https:\/\/portalpopmais.com.br\/en\/wp-json\/wp\/v2\/media\/177614"}],"wp:attachment":[{"href":"https:\/\/portalpopmais.com.br\/en\/wp-json\/wp\/v2\/media?parent=177613"}],"wp:term":[{"taxonomy":"category","embeddable":true,"href":"https:\/\/portalpopmais.com.br\/en\/wp-json\/wp\/v2\/categories?post=177613"},{"taxonomy":"post_tag","embeddable":true,"href":"https:\/\/portalpopmais.com.br\/en\/wp-json\/wp\/v2\/tags?post=177613"}],"curies":[{"name":"wp","href":"https:\/\/api.w.org\/{rel}","templated":true}]}}