{"id":177998,"date":"2023-04-29T13:53:24","date_gmt":"2023-04-29T16:53:24","guid":{"rendered":"https:\/\/portalpopmais.com.br\/?p=177998"},"modified":"2023-04-29T16:29:17","modified_gmt":"2023-04-29T19:29:17","slug":"tadeu-schmidt-esta-fora-do-bbb-diz-colunista","status":"publish","type":"post","link":"https:\/\/portalpopmais.com.br\/en\/tadeu-schmidt-esta-fora-do-bbb-diz-colunista\/","title":{"rendered":"Tadeu Schmidt est\u00e1 fora do BBB, diz colunista"},"content":{"rendered":"<p class=\"wp-block-paragraph\">Tudo indica que <strong><a href=\"https:\/\/portalpopmais.com.br\/en\/vaza-discurso-vitoria-amanda-bbb23\/\" data-type=\"post\" data-id=\"177174\">Tadeu Schmidt<\/a><\/strong> n\u00e3o ir\u00e1 mais apresentar o Big Brother Brasil. De acordo com o jornalista Alessandro Lo-Bianco, que cobre entretenimento para o portal IG e RedeTV!, o mesmo pode ser substitu\u00eddo por uma mulher no comando do maior reality do mundo.<\/p>\n\n\n\n<p class=\"wp-block-paragraph\">Segundo o colunista, a mudan\u00e7a se daria por conta da perda de audi\u00eancia e o alto n\u00famero de cr\u00edticas que circularam sobre o BBB23. Com isso, a <a href=\"http:\/\/redeglobo.com.br\" target=\"_blank\" rel=\"noopener\">Globo<\/a> quer reformular o programa, e Tadeu n\u00e3o estaria nos planos dessa reformula\u00e7\u00e3o.<\/p>\n\n\n\n<h2 class=\"wp-block-heading\">Veja tamb\u00e9m <\/h2>\n\n\n<ul class=\"wp-block-latest-posts__list is-grid wp-block-latest-posts is-layout-flow wp-block-latest-posts-is-layout-flow\"><li><div class=\"wp-block-latest-posts__featured-image aligncenter\"><a href=\"https:\/\/portalpopmais.com.br\/en\/brasileira-expulsa-de-reality-argentina\/\" aria-label=\"Quem \u00e9 a brasileira expulsa de reality na Argentina ap\u00f3s confus\u00e3o\"><img loading=\"lazy\" decoding=\"async\" width=\"768\" height=\"456\" src=\"https:\/\/portalpopmais.com.br\/wp-content\/uploads\/2026\/08\/brasileira-expulsa-reality-argentina-portalpopmais-768x456.png\" class=\"attachment-medium size-medium wp-post-image\" alt=\"brasileira expulsa reality argentina portalpopmais\" style=\"\" srcset=\"https:\/\/portalpopmais.com.br\/wp-content\/uploads\/2026\/08\/brasileira-expulsa-reality-argentina-portalpopmais-768x456.png 768w, https:\/\/portalpopmais.com.br\/wp-content\/uploads\/2026\/08\/brasileira-expulsa-reality-argentina-portalpopmais-1170x694.png 1170w, https:\/\/portalpopmais.com.br\/wp-content\/uploads\/2026\/08\/brasileira-expulsa-reality-argentina-portalpopmais-18x10.png 18w\" sizes=\"auto, (max-width: 768px) 100vw, 768px\" title=\"\"><\/a><\/div><a class=\"wp-block-latest-posts__post-title\" href=\"https:\/\/portalpopmais.com.br\/en\/brasileira-expulsa-de-reality-argentina\/\">Quem \u00e9 a brasileira expulsa de reality na Argentina ap\u00f3s confus\u00e3o<\/a><\/li>\n<li><div class=\"wp-block-latest-posts__featured-image aligncenter\"><a href=\"https:\/\/portalpopmais.com.br\/en\/virginia-viral-resposta-ia-sobre-sua-vida\/\" aria-label=\"Virginia Fonseca compartilha resposta de IA sobre sua vida e texto viraliza nas redes\"><img loading=\"lazy\" decoding=\"async\" width=\"768\" height=\"456\" src=\"https:\/\/portalpopmais.com.br\/wp-content\/uploads\/2026\/08\/virginia-viraliza-resposta-ia-portalpopmais-768x456.png\" class=\"attachment-medium size-medium wp-post-image\" alt=\"virginia viraliza resposta ia portalpopmais\" style=\"\" srcset=\"https:\/\/portalpopmais.com.br\/wp-content\/uploads\/2026\/08\/virginia-viraliza-resposta-ia-portalpopmais-768x456.png 768w, https:\/\/portalpopmais.com.br\/wp-content\/uploads\/2026\/08\/virginia-viraliza-resposta-ia-portalpopmais-1170x694.png 1170w, https:\/\/portalpopmais.com.br\/wp-content\/uploads\/2026\/08\/virginia-viraliza-resposta-ia-portalpopmais-18x10.png 18w\" sizes=\"auto, (max-width: 768px) 100vw, 768px\" title=\"\"><\/a><\/div><a class=\"wp-block-latest-posts__post-title\" href=\"https:\/\/portalpopmais.com.br\/en\/virginia-viral-resposta-ia-sobre-sua-vida\/\">Virginia Fonseca compartilha resposta de IA sobre sua vida e texto viraliza nas redes<\/a><\/li>\n<li><div class=\"wp-block-latest-posts__featured-image aligncenter\"><a href=\"https:\/\/portalpopmais.com.br\/en\/primo-aaliyah-responsavel-acidente-matou\/\" aria-label=\"Pai acusa o filho de ser respons\u00e1vel pelo acidente que matou a cantora Aaliyah, diz processo\"><img loading=\"lazy\" decoding=\"async\" width=\"768\" height=\"456\" src=\"https:\/\/portalpopmais.com.br\/wp-content\/uploads\/2026\/08\/aaliyah-portalpopmais-768x456.webp\" class=\"attachment-medium size-medium wp-post-image\" alt=\"aaliyah portalpopmais\" style=\"\" srcset=\"https:\/\/portalpopmais.com.br\/wp-content\/uploads\/2026\/08\/aaliyah-portalpopmais-768x456.webp 768w, https:\/\/portalpopmais.com.br\/wp-content\/uploads\/2026\/08\/aaliyah-portalpopmais-1170x694.webp 1170w, https:\/\/portalpopmais.com.br\/wp-content\/uploads\/2026\/08\/aaliyah-portalpopmais-18x10.webp 18w\" sizes=\"auto, (max-width: 768px) 100vw, 768px\" title=\"\"><\/a><\/div><a class=\"wp-block-latest-posts__post-title\" href=\"https:\/\/portalpopmais.com.br\/en\/primo-aaliyah-responsavel-acidente-matou\/\">Pai acusa o filho de ser respons\u00e1vel pelo acidente que matou a cantora Aaliyah, diz processo<\/a><\/li>\n<li><div class=\"wp-block-latest-posts__featured-image aligncenter\"><a href=\"https:\/\/portalpopmais.com.br\/en\/alias-bandetto-lanca-novo-single-que-une-emocao-atmosfera-cinematografica-e-influencias-retro\/\" aria-label=\"Alias Bandetto lan\u00e7a novo single que une emo\u00e7\u00e3o, atmosfera cinematogr\u00e1fica e influ\u00eancias retr\u00f4\"><img loading=\"lazy\" decoding=\"async\" width=\"768\" height=\"456\" src=\"https:\/\/portalpopmais.com.br\/wp-content\/uploads\/2026\/08\/prod_track-files_1844647_extra_pictures_Alias-Bandetto-e1788134705322-768x456.png\" class=\"attachment-medium size-medium wp-post-image\" alt=\"prod track files 1844647 extra pictures Alias Bandetto\" style=\"\" srcset=\"https:\/\/portalpopmais.com.br\/wp-content\/uploads\/2026\/08\/prod_track-files_1844647_extra_pictures_Alias-Bandetto-e1788134705322-768x456.png 768w, https:\/\/portalpopmais.com.br\/wp-content\/uploads\/2026\/08\/prod_track-files_1844647_extra_pictures_Alias-Bandetto-e1788134705322-1170x694.png 1170w, https:\/\/portalpopmais.com.br\/wp-content\/uploads\/2026\/08\/prod_track-files_1844647_extra_pictures_Alias-Bandetto-e1788134705322-18x12.png 18w\" sizes=\"auto, (max-width: 768px) 100vw, 768px\" title=\"\"><\/a><\/div><a class=\"wp-block-latest-posts__post-title\" href=\"https:\/\/portalpopmais.com.br\/en\/alias-bandetto-lanca-novo-single-que-une-emocao-atmosfera-cinematografica-e-influencias-retro\/\">Alias Bandetto lan\u00e7a novo single que une emo\u00e7\u00e3o, atmosfera cinematogr\u00e1fica e influ\u00eancias retr\u00f4<\/a><\/li>\n<li><div class=\"wp-block-latest-posts__featured-image aligncenter\"><a href=\"https:\/\/portalpopmais.com.br\/en\/edik-san-aposta-no-hyperpop-futurista-com-o-single-ditadura-gay-intergalactica\/\" aria-label=\"Edik San aposta no hyperpop futurista com o single &#8220;Ditadura Gay Intergal\u00e1ctica&#8221;\"><img loading=\"lazy\" decoding=\"async\" width=\"768\" height=\"456\" src=\"https:\/\/portalpopmais.com.br\/wp-content\/uploads\/2026\/08\/prod_track-files_1815415_extra_pictures_Edik-San-e1788134581397-768x456.png\" class=\"attachment-medium size-medium wp-post-image\" alt=\"prod track files 1815415 extra pictures Edik San\" style=\"\" srcset=\"https:\/\/portalpopmais.com.br\/wp-content\/uploads\/2026\/08\/prod_track-files_1815415_extra_pictures_Edik-San-e1788134581397-768x456.png 768w, https:\/\/portalpopmais.com.br\/wp-content\/uploads\/2026\/08\/prod_track-files_1815415_extra_pictures_Edik-San-e1788134581397-1170x694.png 1170w, https:\/\/portalpopmais.com.br\/wp-content\/uploads\/2026\/08\/prod_track-files_1815415_extra_pictures_Edik-San-e1788134581397-18x10.png 18w\" sizes=\"auto, (max-width: 768px) 100vw, 768px\" title=\"\"><\/a><\/div><a class=\"wp-block-latest-posts__post-title\" href=\"https:\/\/portalpopmais.com.br\/en\/edik-san-aposta-no-hyperpop-futurista-com-o-single-ditadura-gay-intergalactica\/\">Edik San aposta no hyperpop futurista com o single &#8220;Ditadura Gay Intergal\u00e1ctica&#8221;<\/a><\/li>\n<li><div class=\"wp-block-latest-posts__featured-image aligncenter\"><a href=\"https:\/\/portalpopmais.com.br\/en\/maya-massafera-e-hospitalizada-apos-sofrer-principio-de-avc-em-sao-paulo\/\" aria-label=\"Maya Massafera \u00e9 hospitalizada ap\u00f3s sofrer princ\u00edpio de AVC em S\u00e3o Paulo\"><img loading=\"lazy\" decoding=\"async\" width=\"768\" height=\"456\" src=\"https:\/\/portalpopmais.com.br\/wp-content\/uploads\/2025\/09\/maya-massafera-vai-ser-mae-768x456.jpg\" class=\"attachment-medium size-medium wp-post-image\" alt=\"Maya Massafera revela desafios da transi\u00e7\u00e3o e planos para a maternidade\" style=\"\" srcset=\"https:\/\/portalpopmais.com.br\/wp-content\/uploads\/2025\/09\/maya-massafera-vai-ser-mae-768x456.jpg 768w, https:\/\/portalpopmais.com.br\/wp-content\/uploads\/2025\/09\/maya-massafera-vai-ser-mae-1170x694.jpg 1170w, https:\/\/portalpopmais.com.br\/wp-content\/uploads\/2025\/09\/maya-massafera-vai-ser-mae-18x10.jpg 18w\" sizes=\"auto, (max-width: 768px) 100vw, 768px\" title=\"\"><\/a><\/div><a class=\"wp-block-latest-posts__post-title\" href=\"https:\/\/portalpopmais.com.br\/en\/maya-massafera-e-hospitalizada-apos-sofrer-principio-de-avc-em-sao-paulo\/\">Maya Massafera \u00e9 hospitalizada ap\u00f3s sofrer princ\u00edpio de AVC em S\u00e3o Paulo<\/a><\/li>\n<\/ul>\n\n\n<p class=\"wp-block-paragraph\">&#8220;O nome hoje que est\u00e1 em primeiro na lista da alta c\u00fapula da Globo, em discuss\u00e3o, \u00e9 F\u00e1tima Bernardes. Ela deixaria o The Voice caso fosse chamada\u201d, contou Alessandro durante o programa &#8220;A Tarde \u00e9 Sua&#8221;. Ainda de acordo com ele, um segundo nome que vem sendo estudado \u00e9 o da tamb\u00e9m apresentadora, do Encontro, Patr\u00edcia Poeta<\/p>","protected":false},"excerpt":{"rendered":"<p>Tudo indica que Tadeu Schmidt n\u00e3o ir\u00e1 mais apresentar o Big Brother Brasil. De acordo com o jornalista Alessandro Lo-Bianco, que cobre entretenimento para o portal IG e RedeTV!, o mesmo pode ser substitu\u00eddo por uma mulher no comando do maior reality do mundo. Segundo o colunista, a mudan\u00e7a se daria por conta da perda [&hellip;]<\/p>\n","protected":false},"author":2,"featured_media":161463,"comment_status":"closed","ping_status":"open","sticky":false,"template":"","format":"standard","meta":{"footnotes":""},"categories":[181],"tags":[9193],"class_list":["post-177998","post","type-post","status-publish","format-standard","has-post-thumbnail","hentry","category-televisao","tag-tadeu-schmidt"],"_links":{"self":[{"href":"https:\/\/portalpopmais.com.br\/en\/wp-json\/wp\/v2\/posts\/177998","targetHints":{"allow":["GET"]}}],"collection":[{"href":"https:\/\/portalpopmais.com.br\/en\/wp-json\/wp\/v2\/posts"}],"about":[{"href":"https:\/\/portalpopmais.com.br\/en\/wp-json\/wp\/v2\/types\/post"}],"author":[{"embeddable":true,"href":"https:\/\/portalpopmais.com.br\/en\/wp-json\/wp\/v2\/users\/2"}],"replies":[{"embeddable":true,"href":"https:\/\/portalpopmais.com.br\/en\/wp-json\/wp\/v2\/comments?post=177998"}],"version-history":[{"count":0,"href":"https:\/\/portalpopmais.com.br\/en\/wp-json\/wp\/v2\/posts\/177998\/revisions"}],"wp:featuredmedia":[{"embeddable":true,"href":"https:\/\/portalpopmais.com.br\/en\/wp-json\/wp\/v2\/media\/161463"}],"wp:attachment":[{"href":"https:\/\/portalpopmais.com.br\/en\/wp-json\/wp\/v2\/media?parent=177998"}],"wp:term":[{"taxonomy":"category","embeddable":true,"href":"https:\/\/portalpopmais.com.br\/en\/wp-json\/wp\/v2\/categories?post=177998"},{"taxonomy":"post_tag","embeddable":true,"href":"https:\/\/portalpopmais.com.br\/en\/wp-json\/wp\/v2\/tags?post=177998"}],"curies":[{"name":"wp","href":"https:\/\/api.w.org\/{rel}","templated":true}]}}