{"id":178089,"date":"2023-05-01T09:26:02","date_gmt":"2023-05-01T12:26:02","guid":{"rendered":"https:\/\/portalpopmais.com.br\/?p=178089"},"modified":"2023-05-01T09:27:10","modified_gmt":"2023-05-01T12:27:10","slug":"nikolas-ferreira-se-casa","status":"publish","type":"post","link":"https:\/\/portalpopmais.com.br\/en\/nikolas-ferreira-se-casa\/","title":{"rendered":"Nikolas Ferreira se casa com modelo em cerim\u00f4nia no Esp\u00edrito Santo; veja v\u00eddeo"},"content":{"rendered":"<p>O deputado <strong><a href=\"https:\/\/portalpopmais.com.br\/en\/deputados-chamam-nikolas-ferreira-de-chupetinha-durante-sessao-na-ccj-veja-video\/\" data-type=\"post\" data-id=\"173939\">Nikolas Ferreira<\/a><\/strong> se casou com a modelo L\u00edvia Bergamim Orletti, neste domingo (30). A cerim\u00f4nia ocorreu em uma cidade no Esp\u00edrito Santo e contou com a presen\u00e7a da ex-primeira-dama, Michelle Bolsonaro, que publicou fotos do casamento nas redes sociais. Oficialmente, Nikolas anunciou que estava noivo de L\u00edvia no dia 16 de janeiro.<\/p>\n\n\n\n<p>&#8220;Hoje \u00e9 o grande dia! Feliz por estar com voc\u00eas&#8221;, escreveu Michelle em uma das publica\u00e7\u00f5es sobre a cerim\u00f4nia. Quando voltou ao Brasil em 30 de mar\u00e7o, ap\u00f3s passar um per\u00edodo nos EUA, Jair Bolsonaro (PL) tamb\u00e9m declarou que compareceria ao casamento, mas at\u00e9 o momento n\u00e3o h\u00e1 registros dele na cerim\u00f4nia. <\/p>\n\n\n\n<p>Ele desembarcou em Ribeir\u00e3o Preto neste domingo (30) para participar da <a href=\"https:\/\/www.agrishow.com.br\/pt\/Home.html\" target=\"_blank\" rel=\"noreferrer noopener\">Agrishow<\/a>. Veja o v\u00eddeo da cerim\u00f4nia:<\/p>\n\n\n\n<center><div style=\"position:relative;padding-bottom:56.25%;height:0;overflow:hidden;\"> <iframe loading=\"lazy\" style=\"width:100%;height:100%;position:absolute;left:0px;top:0px;overflow:hidden\" frameborder=\"0\" type=\"text\/html\" src=\"https:\/\/www.dailymotion.com\/embed\/video\/x8kk187?autoplay=1\" width=\"100%\" height=\"100%\" allowfullscreen title=\"Dailymotion Video Player\" allow=\"autoplay\"> <\/iframe> <\/div><\/center>","protected":false},"excerpt":{"rendered":"<p>O deputado Nikolas Ferreira se casou com a modelo L\u00edvia Bergamim Orletti, neste domingo (30). A cerim\u00f4nia ocorreu em uma cidade no Esp\u00edrito Santo e contou com a presen\u00e7a da ex-primeira-dama, Michelle Bolsonaro, que publicou fotos do casamento nas redes sociais. Oficialmente, Nikolas anunciou que estava noivo de L\u00edvia no dia 16 de janeiro. &#8220;Hoje [&hellip;]<\/p>\n","protected":false},"author":2,"featured_media":178091,"comment_status":"closed","ping_status":"open","sticky":false,"template":"","format":"standard","meta":{"footnotes":""},"categories":[2165],"tags":[12517],"class_list":["post-178089","post","type-post","status-publish","format-standard","has-post-thumbnail","hentry","category-noticias","tag-nikolas-ferreira"],"_links":{"self":[{"href":"https:\/\/portalpopmais.com.br\/en\/wp-json\/wp\/v2\/posts\/178089","targetHints":{"allow":["GET"]}}],"collection":[{"href":"https:\/\/portalpopmais.com.br\/en\/wp-json\/wp\/v2\/posts"}],"about":[{"href":"https:\/\/portalpopmais.com.br\/en\/wp-json\/wp\/v2\/types\/post"}],"author":[{"embeddable":true,"href":"https:\/\/portalpopmais.com.br\/en\/wp-json\/wp\/v2\/users\/2"}],"replies":[{"embeddable":true,"href":"https:\/\/portalpopmais.com.br\/en\/wp-json\/wp\/v2\/comments?post=178089"}],"version-history":[{"count":0,"href":"https:\/\/portalpopmais.com.br\/en\/wp-json\/wp\/v2\/posts\/178089\/revisions"}],"wp:featuredmedia":[{"embeddable":true,"href":"https:\/\/portalpopmais.com.br\/en\/wp-json\/wp\/v2\/media\/178091"}],"wp:attachment":[{"href":"https:\/\/portalpopmais.com.br\/en\/wp-json\/wp\/v2\/media?parent=178089"}],"wp:term":[{"taxonomy":"category","embeddable":true,"href":"https:\/\/portalpopmais.com.br\/en\/wp-json\/wp\/v2\/categories?post=178089"},{"taxonomy":"post_tag","embeddable":true,"href":"https:\/\/portalpopmais.com.br\/en\/wp-json\/wp\/v2\/tags?post=178089"}],"curies":[{"name":"wp","href":"https:\/\/api.w.org\/{rel}","templated":true}]}}