{"id":178221,"date":"2023-05-02T12:50:00","date_gmt":"2023-05-02T15:50:00","guid":{"rendered":"https:\/\/portalpopmais.com.br\/?p=178221"},"modified":"2023-05-02T12:51:04","modified_gmt":"2023-05-02T15:51:04","slug":"maira-cardi-e-thiago-nigro-se-casam-em-agosto","status":"publish","type":"post","link":"https:\/\/portalpopmais.com.br\/en\/maira-cardi-e-thiago-nigro-se-casam-em-agosto\/","title":{"rendered":"Ma\u00edra Cardi e Thiago Nigro se casam em agosto; veja data"},"content":{"rendered":"\n<p>O relacionamento de <strong><a href=\"https:\/\/portalpopmais.com.br\/maira-cardi-pedido-casamento\/\" data-type=\"post\" data-id=\"177205\">Ma\u00edra Cardi<\/a><\/strong> e <strong><a href=\"https:\/\/www.instagram.com\/portalpopmais\/\" target=\"_blank\" rel=\"noopener\">Thiago Nigro<\/a> <\/strong>vai ganhar em breve um novo passo. O casal que vem expondo diariamente diversas declara\u00e7\u00f5es, ir\u00e3o se casar no m\u00eas de agosto, no dia 26. <\/p>\n\n\n\n<p>O an\u00fancio foi revelado durante PodCats desta segunda-feira (1), de frente aos apresentadores Camila Loures e Lucas Guimar\u00e3es. Os dois est\u00e3o juntos desde janeiro de 2023 e ficaram noivos em viagem nas \u00e1guas do Rio Jord\u00e3o, em Israel, <a href=\"https:\/\/portalpopmais.com.br\/\">no dia 22 de abril<\/a>. A viagem tinha sido marcado como uma miss\u00e3o espiritual, mas se tornou mais especial com esse pedido.<\/p>\n\n\n\n<p>\u201cSophia estava comigo anteontem olhando os vestidos. Resolvemos fazer em um s\u00e1bado, por causa da fam\u00edlia. Ent\u00e3o, possivelmente, vamos pegar um hotel para ficar com as pessoas ali um dia depois ou um dia antes\u201d, disse Ma\u00edra Cardi. <\/p>\n\n\n\n<p>E o destino da lua de mel j\u00e1 est\u00e1 decidido. \u201c\u00cdamos para o Jap\u00e3o, mas descobrimos que as cerejeiras s\u00e3o [floridas] s\u00f3 em abril. Ent\u00e3o, mudamos para a Gr\u00e9cia\u201d, contou Thiago Nigro. <\/p>\n\n\n\n<p>Ma\u00edra Cardi afirmou que ela e Thiago Nigro pretendem ter dois filhos e a expectativa \u00e9 de que a gesta\u00e7\u00e3o ocorra no fim de 2024.\u00a0Al\u00e9m disso o Primo Rico ir\u00e1 adotar uma crian\u00e7a. \u201cO tempo \u00e9 muito relativo e n\u00e3o \u00e9 o que define as coisas. Como tem casais que passam anos juntos e n\u00e3o se casam. Antes de se encostar, a gente j\u00e1 tinha tomado a decis\u00e3o de casar e ficar o resto da vida casado. Quando voc\u00ea tem Deus e tem prop\u00f3sito, tudo muda. \u00c9 um conjunto, e \u00e9 maravilhoso que a gente tenha amor e paix\u00e3o avassaladora. A responsabilidade, a decis\u00e3o e tudo que vem antes disso nos faz ter a certeza, al\u00e9m da admira\u00e7\u00e3o\u201d. <\/p>\n","protected":false},"excerpt":{"rendered":"<p>O relacionamento de Ma\u00edra Cardi e Thiago Nigro vai ganhar em breve um novo passo. O casal que vem expondo diariamente diversas declara\u00e7\u00f5es, ir\u00e3o se casar no m\u00eas de agosto, no dia 26. O an\u00fancio foi revelado durante PodCats desta segunda-feira (1), de frente aos apresentadores Camila Loures e Lucas Guimar\u00e3es. Os dois est\u00e3o juntos [&hellip;]<\/p>\n","protected":false},"author":2,"featured_media":177208,"comment_status":"closed","ping_status":"open","sticky":false,"template":"","format":"standard","meta":{"footnotes":""},"categories":[173],"tags":[10355,14208],"class_list":["post-178221","post","type-post","status-publish","format-standard","has-post-thumbnail","hentry","category-celebridades","tag-maira-cardi","tag-thiago-nigro"],"_links":{"self":[{"href":"https:\/\/portalpopmais.com.br\/en\/wp-json\/wp\/v2\/posts\/178221","targetHints":{"allow":["GET"]}}],"collection":[{"href":"https:\/\/portalpopmais.com.br\/en\/wp-json\/wp\/v2\/posts"}],"about":[{"href":"https:\/\/portalpopmais.com.br\/en\/wp-json\/wp\/v2\/types\/post"}],"author":[{"embeddable":true,"href":"https:\/\/portalpopmais.com.br\/en\/wp-json\/wp\/v2\/users\/2"}],"replies":[{"embeddable":true,"href":"https:\/\/portalpopmais.com.br\/en\/wp-json\/wp\/v2\/comments?post=178221"}],"version-history":[{"count":0,"href":"https:\/\/portalpopmais.com.br\/en\/wp-json\/wp\/v2\/posts\/178221\/revisions"}],"wp:featuredmedia":[{"embeddable":true,"href":"https:\/\/portalpopmais.com.br\/en\/wp-json\/wp\/v2\/media\/177208"}],"wp:attachment":[{"href":"https:\/\/portalpopmais.com.br\/en\/wp-json\/wp\/v2\/media?parent=178221"}],"wp:term":[{"taxonomy":"category","embeddable":true,"href":"https:\/\/portalpopmais.com.br\/en\/wp-json\/wp\/v2\/categories?post=178221"},{"taxonomy":"post_tag","embeddable":true,"href":"https:\/\/portalpopmais.com.br\/en\/wp-json\/wp\/v2\/tags?post=178221"}],"curies":[{"name":"wp","href":"https:\/\/api.w.org\/{rel}","templated":true}]}}