{"id":17861,"date":"2019-02-23T20:24:23","date_gmt":"2019-02-23T23:24:23","guid":{"rendered":"http:\/\/popmais.com.br\/?p=17861"},"modified":"2019-02-23T20:24:23","modified_gmt":"2019-02-23T23:24:23","slug":"mc-loma-e-as-gemeas-lacracao-anunciam-novo-single-para-amanha","status":"publish","type":"post","link":"https:\/\/portalpopmais.com.br\/en\/mc-loma-e-as-gemeas-lacracao-anunciam-novo-single-para-amanha\/","title":{"rendered":"MC Loma e as G\u00eameas Lacra\u00e7\u00e3o anunciam novo single para amanh\u00e3"},"content":{"rendered":"<p>A briga pra o t\u00edtulo de &#8220;M\u00fasica do Carnaval&#8221; continua. Desta vez, quem entra na briga \u00e9 MC Loma e as G\u00eameas Lacra\u00e7\u00e3o.&nbsp;<\/p>\n<p>As meninas anunciaram para este domingo(24) \u00e0s 19h o lan\u00e7amento da faixa &#8220;Mal\u00e9vola&#8221;.&nbsp; A can\u00e7\u00e3o j\u00e1 teve o videoclipe gravado que deve ser lan\u00e7ado simultaneamente.<\/p>\n<blockquote class=\"twitter-tweet\" data-width=\"550\" data-dnt=\"true\">\n<p lang=\"es\" dir=\"ltr\">Domingo <br \/>19horas \ud83e\udd2b\ud83e\udd2b\ud83e\udd2b<a href=\"https:\/\/t.co\/GfeLkTMAzP\">https:\/\/t.co\/GfeLkTMAzP<\/a><\/p>\n<p>&mdash; loma official (@lominhaofficial) <a href=\"https:\/\/twitter.com\/lominhaofficial\/status\/1099410465518772224?ref_src=twsrc%5Etfw\" target=\"_blank\" rel=\"noopener\">February 23, 2019<\/a><\/p><\/blockquote>\n<p><script async src=\"https:\/\/platform.twitter.com\/widgets.js\" charset=\"utf-8\"><\/script><\/p>\n<p>No Carnaval 2018, o hit &#8220;Envolvimento&#8221; foi uma das m\u00fasicas mais tocadas, e considerada por muitos a &#8220;M\u00fasica do Carnaval&#8221;.<\/p>\n<p><iframe loading=\"lazy\" title=\"MC Loma e as G\u00eameas Lacra\u00e7\u00e3o - Envolvimento (KondZilla)\" width=\"880\" height=\"495\" src=\"https:\/\/www.youtube.com\/embed\/lgJOJAmXlBw?feature=oembed\" frameborder=\"0\" allow=\"accelerometer; autoplay; encrypted-media; gyroscope; picture-in-picture\" allowfullscreen><\/iframe><\/p>","protected":false},"excerpt":{"rendered":"<p>A briga pra o t\u00edtulo de &#8220;M\u00fasica do Carnaval&#8221; continua. Desta vez, quem entra na briga \u00e9 MC Loma e as G\u00eameas Lacra\u00e7\u00e3o.&nbsp; As meninas anunciaram para este domingo(24) \u00e0s 19h o lan\u00e7amento da faixa &#8220;Mal\u00e9vola&#8221;.&nbsp; A can\u00e7\u00e3o j\u00e1 teve o videoclipe gravado que deve ser lan\u00e7ado simultaneamente. Domingo 19horas \ud83e\udd2b\ud83e\udd2b\ud83e\udd2bhttps:\/\/t.co\/GfeLkTMAzP &mdash; loma official (@lominhaofficial) [&hellip;]<\/p>\n","protected":false},"author":2,"featured_media":17863,"comment_status":"open","ping_status":"open","sticky":false,"template":"","format":"standard","meta":{"footnotes":""},"categories":[154],"tags":[1971,981],"class_list":["post-17861","post","type-post","status-publish","format-standard","has-post-thumbnail","hentry","category-musica","tag-mc-loma","tag-mc-loma-e-as-gemeas-lacracao"],"_links":{"self":[{"href":"https:\/\/portalpopmais.com.br\/en\/wp-json\/wp\/v2\/posts\/17861","targetHints":{"allow":["GET"]}}],"collection":[{"href":"https:\/\/portalpopmais.com.br\/en\/wp-json\/wp\/v2\/posts"}],"about":[{"href":"https:\/\/portalpopmais.com.br\/en\/wp-json\/wp\/v2\/types\/post"}],"author":[{"embeddable":true,"href":"https:\/\/portalpopmais.com.br\/en\/wp-json\/wp\/v2\/users\/2"}],"replies":[{"embeddable":true,"href":"https:\/\/portalpopmais.com.br\/en\/wp-json\/wp\/v2\/comments?post=17861"}],"version-history":[{"count":0,"href":"https:\/\/portalpopmais.com.br\/en\/wp-json\/wp\/v2\/posts\/17861\/revisions"}],"wp:featuredmedia":[{"embeddable":true,"href":"https:\/\/portalpopmais.com.br\/en\/wp-json\/"}],"wp:attachment":[{"href":"https:\/\/portalpopmais.com.br\/en\/wp-json\/wp\/v2\/media?parent=17861"}],"wp:term":[{"taxonomy":"category","embeddable":true,"href":"https:\/\/portalpopmais.com.br\/en\/wp-json\/wp\/v2\/categories?post=17861"},{"taxonomy":"post_tag","embeddable":true,"href":"https:\/\/portalpopmais.com.br\/en\/wp-json\/wp\/v2\/tags?post=17861"}],"curies":[{"name":"wp","href":"https:\/\/api.w.org\/{rel}","templated":true}]}}