{"id":179332,"date":"2023-05-11T21:46:42","date_gmt":"2023-05-12T00:46:42","guid":{"rendered":"https:\/\/portalpopmais.com.br\/?p=179332"},"modified":"2023-05-11T21:46:54","modified_gmt":"2023-05-12T00:46:54","slug":"mirella-confirma-gravidez","status":"publish","type":"post","link":"https:\/\/portalpopmais.com.br\/en\/mirella-confirma-gravidez\/","title":{"rendered":"V\u00cdDEO: MC Mirella confirma que est\u00e1 gr\u00e1vida de Dynho Alves"},"content":{"rendered":"<p class=\"wp-block-paragraph\">A funkeira <strong><a href=\"https:\/\/portalpopmais.com.br\/en\/mc-mirella-gravida-dynho\/\" data-type=\"post\" data-id=\"179308\">MC Mirella<\/a><\/strong> est\u00e1 gr\u00e1vida! A cantora confirmou na noite desta quinta-feira(11), que est\u00e1 gr\u00e1vida pela primeira vez de Dynho Alves.<\/p>\n\n\n\n<p class=\"wp-block-paragraph\">O casal compartilhou um v\u00eddeo no <a href=\"http:\/\/Instagram.com\" target=\"_blank\" rel=\"noopener\">Instagram<\/a> para dar as novidades aos f\u00e3s. &#8220;Sim, estamos gr\u00e1vidos! E estamos gerando um serzinho que j\u00e1 \u00e9 muito aben\u00e7oado e muito amado!&#8221;, escreveram na legenda da publica\u00e7\u00e3o.<\/p>\n\n\n\n<figure class=\"wp-block-embed is-type-rich is-provider-instagram wp-block-embed-instagram\"><div class=\"wp-block-embed__wrapper\">\nhttps:\/\/www.instagram.com\/reel\/CsHzCPpOJAt\/?igshid=MzRlODBiNWFlZA==\n<\/div><\/figure>","protected":false},"excerpt":{"rendered":"<p>A funkeira MC Mirella est\u00e1 gr\u00e1vida! A cantora confirmou na noite desta quinta-feira(11), que est\u00e1 gr\u00e1vida pela primeira vez de Dynho Alves. O casal compartilhou um v\u00eddeo no Instagram para dar as novidades aos f\u00e3s. &#8220;Sim, estamos gr\u00e1vidos! E estamos gerando um serzinho que j\u00e1 \u00e9 muito aben\u00e7oado e muito amado!&#8221;, escreveram na legenda da [&hellip;]<\/p>\n","protected":false},"author":2,"featured_media":179310,"comment_status":"closed","ping_status":"open","sticky":false,"template":"","format":"standard","meta":{"footnotes":""},"categories":[173],"tags":[1708],"class_list":["post-179332","post","type-post","status-publish","format-standard","has-post-thumbnail","hentry","category-celebridades","tag-mc-mirella"],"_links":{"self":[{"href":"https:\/\/portalpopmais.com.br\/en\/wp-json\/wp\/v2\/posts\/179332","targetHints":{"allow":["GET"]}}],"collection":[{"href":"https:\/\/portalpopmais.com.br\/en\/wp-json\/wp\/v2\/posts"}],"about":[{"href":"https:\/\/portalpopmais.com.br\/en\/wp-json\/wp\/v2\/types\/post"}],"author":[{"embeddable":true,"href":"https:\/\/portalpopmais.com.br\/en\/wp-json\/wp\/v2\/users\/2"}],"replies":[{"embeddable":true,"href":"https:\/\/portalpopmais.com.br\/en\/wp-json\/wp\/v2\/comments?post=179332"}],"version-history":[{"count":0,"href":"https:\/\/portalpopmais.com.br\/en\/wp-json\/wp\/v2\/posts\/179332\/revisions"}],"wp:featuredmedia":[{"embeddable":true,"href":"https:\/\/portalpopmais.com.br\/en\/wp-json\/wp\/v2\/media\/179310"}],"wp:attachment":[{"href":"https:\/\/portalpopmais.com.br\/en\/wp-json\/wp\/v2\/media?parent=179332"}],"wp:term":[{"taxonomy":"category","embeddable":true,"href":"https:\/\/portalpopmais.com.br\/en\/wp-json\/wp\/v2\/categories?post=179332"},{"taxonomy":"post_tag","embeddable":true,"href":"https:\/\/portalpopmais.com.br\/en\/wp-json\/wp\/v2\/tags?post=179332"}],"curies":[{"name":"wp","href":"https:\/\/api.w.org\/{rel}","templated":true}]}}