{"id":179653,"date":"2023-05-15T08:57:37","date_gmt":"2023-05-15T11:57:37","guid":{"rendered":"https:\/\/portalpopmais.com.br\/?p=179653"},"modified":"2023-05-15T08:57:48","modified_gmt":"2023-05-15T11:57:48","slug":"substituto-william-bonner-jornal-nacional","status":"publish","type":"post","link":"https:\/\/portalpopmais.com.br\/en\/substituto-william-bonner-jornal-nacional\/","title":{"rendered":"Vai sair? Globo j\u00e1 tem o substituto de William Bonner no Jornal Nacional; saiba quem"},"content":{"rendered":"<p>As especula\u00e7\u00f5es em torno da sa\u00edda de <strong><a href=\"https:\/\/portalpopmais.com.br\/en\/assalto-natasha-dantas-esposa-bonner\/\" data-type=\"post\" data-id=\"175215\">William Bonner<\/a><\/strong> da bancada do <strong>Jornal Nacional<\/strong> j\u00e1 circulam h\u00e1 meses. Agora, um novo cap\u00edtulo sobre esse boato veio a tona. Segundo o jornalista Matheus Baldi, a emissora j\u00e1 tem se preparado para uma poss\u00edvel substitui\u00e7\u00e3o do apresentador.<\/p>\n\n\n\n<p>Bonner, que j\u00e1 deu sinais de querer deixar a apresenta\u00e7\u00e3o do noticioso, possui v\u00ednculo com a emissora at\u00e9 2025. Nesse meio tempo, a <a href=\"http:\/\/redeglobo.globo.com.br\" target=\"_blank\" rel=\"noopener\">Globo<\/a> j\u00e1 estaria preparando um substito para a bancada do telejornal mais assistido do pa\u00eds.<\/p>\n\n\n\n<p>Segundo o jornalista, os nomes mais fortes para o cargo s\u00e3o os de Marcio Bonfim e Rodrigo Boccardi. Ambos j\u00e1 apresentaram o programa e s\u00e3o bem avaliados pela dire\u00e7\u00e3o do canal.<\/p>\n\n\n\n<p>William Bonner sair\u00e1 de f\u00e9rias no m\u00eas de junho. Com isso, o veterano <strong>Heraldo Pereira<\/strong> ir\u00e1 ocupar o cargo do \u00e2ncora temporariamente.<\/p>","protected":false},"excerpt":{"rendered":"<p>As especula\u00e7\u00f5es em torno da sa\u00edda de William Bonner da bancada do Jornal Nacional j\u00e1 circulam h\u00e1 meses. Agora, um novo cap\u00edtulo sobre esse boato veio a tona. Segundo o jornalista Matheus Baldi, a emissora j\u00e1 tem se preparado para uma poss\u00edvel substitui\u00e7\u00e3o do apresentador. Bonner, que j\u00e1 deu sinais de querer deixar a apresenta\u00e7\u00e3o [&hellip;]<\/p>\n","protected":false},"author":1,"featured_media":159098,"comment_status":"closed","ping_status":"open","sticky":false,"template":"","format":"standard","meta":{"footnotes":""},"categories":[181],"tags":[180,1434,1435],"class_list":["post-179653","post","type-post","status-publish","format-standard","has-post-thumbnail","hentry","category-televisao","tag-globo","tag-jornal-nacional","tag-william-bonner"],"_links":{"self":[{"href":"https:\/\/portalpopmais.com.br\/en\/wp-json\/wp\/v2\/posts\/179653","targetHints":{"allow":["GET"]}}],"collection":[{"href":"https:\/\/portalpopmais.com.br\/en\/wp-json\/wp\/v2\/posts"}],"about":[{"href":"https:\/\/portalpopmais.com.br\/en\/wp-json\/wp\/v2\/types\/post"}],"author":[{"embeddable":true,"href":"https:\/\/portalpopmais.com.br\/en\/wp-json\/wp\/v2\/users\/1"}],"replies":[{"embeddable":true,"href":"https:\/\/portalpopmais.com.br\/en\/wp-json\/wp\/v2\/comments?post=179653"}],"version-history":[{"count":0,"href":"https:\/\/portalpopmais.com.br\/en\/wp-json\/wp\/v2\/posts\/179653\/revisions"}],"wp:featuredmedia":[{"embeddable":true,"href":"https:\/\/portalpopmais.com.br\/en\/wp-json\/wp\/v2\/media\/159098"}],"wp:attachment":[{"href":"https:\/\/portalpopmais.com.br\/en\/wp-json\/wp\/v2\/media?parent=179653"}],"wp:term":[{"taxonomy":"category","embeddable":true,"href":"https:\/\/portalpopmais.com.br\/en\/wp-json\/wp\/v2\/categories?post=179653"},{"taxonomy":"post_tag","embeddable":true,"href":"https:\/\/portalpopmais.com.br\/en\/wp-json\/wp\/v2\/tags?post=179653"}],"curies":[{"name":"wp","href":"https:\/\/api.w.org\/{rel}","templated":true}]}}