{"id":180363,"date":"2023-05-19T11:47:48","date_gmt":"2023-05-19T14:47:48","guid":{"rendered":"https:\/\/portalpopmais.com.br\/?p=180363"},"modified":"2023-05-19T11:48:01","modified_gmt":"2023-05-19T14:48:01","slug":"letra-detalhes-veigh-feat-l7nnon-e-luccas-carlos","status":"publish","type":"post","link":"https:\/\/portalpopmais.com.br\/en\/letra-detalhes-veigh-feat-l7nnon-e-luccas-carlos\/","title":{"rendered":"Letra: &#8216;Detalhes&#8217; \u2013 Veigh feat. L7NNON e Luccas Carlos"},"content":{"rendered":"<p>O rapper\u00a0<strong><a href=\"http:\/\/portalpopmais.com.br\/en\/\">Veigh<\/a><\/strong>\u00a0lan\u00e7ou hoje (19) a faixa \u2018<a href=\"https:\/\/www.youtube.com\/watch?v=mXa4jowK9hc\" target=\"_blank\" rel=\"noreferrer noopener\">Detalhes<\/a>\u2018. A can\u00e7\u00e3o tem participa\u00e7\u00e3o de L7NNON e Luccas Carlos.<\/p>\n\n\n\n<figure class=\"wp-block-embed is-type-video is-provider-youtube wp-block-embed-youtube wp-embed-aspect-4-3 wp-has-aspect-ratio\"><div class=\"wp-block-embed__wrapper\">\n<iframe loading=\"lazy\" title=\"Detalhes\" width=\"880\" height=\"660\" src=\"https:\/\/www.youtube.com\/embed\/mXa4jowK9hc?feature=oembed\" frameborder=\"0\" allow=\"accelerometer; autoplay; clipboard-write; encrypted-media; gyroscope; picture-in-picture; web-share\" referrerpolicy=\"strict-origin-when-cross-origin\" allowfullscreen><\/iframe>\n<\/div><\/figure>\n\n\n\n<h1 class=\"wp-block-heading\">Letra<\/h1>\n\n\n\n<p>Minha mente vai at\u00e9 voc\u00ea<br>Sempre que eu deito<br>Sua boca, seu corpo<br>Sua bunda, seus peitos<\/p>\n\n\n\n<p>Verdades, seus gestos<br>Seus toques, seu cheiro<br>Tudo que voc\u00ea tem<br>Nas outras n\u00e3o vejo<\/p>\n\n\n\n<p>Perdido em outras bocas<br>Porque a sua n\u00e3o tenho<br>Tudo o que c\u00ea quer saber<br>Eu conto sem medo<\/p>\n\n\n\n<p>Detalhes, meus sonhos<br>E at\u00e9 quantos shows tenho<br>Tempo \u00e9 dinheiro<br>Mas s\u00f3 que com voc\u00ea<br>Eu perco ele igual piano<br>Eu deslizo os dedos<\/p>\n\n\n\n<p>E ainda vem dizer pra mim<br>Que \u00e9 f\u00e1cil te esquecer<br>Pra mim, pra mim<br>Que \u00e9 f\u00e1cil te esquecer<\/p>\n\n\n\n<p>Sei que tu combina com (?)<br>Mas eu prefiro sem<br>Tira tudo e joga no ch\u00e3o<br>Depois disso, vem<\/p>\n\n\n\n<p>Tu gosta dessa vida chique<br>Eu tamb\u00e9m<br>T\u00e1 na tua cara que tu n\u00e3o quer me ver<br>Com mais ningu\u00e9m<\/p>\n\n\n\n<p>Eu fa\u00e7o valer a pena<br>Mas acordo s\u00f3 pro dia amanhecer<br>Nunca esque\u00e7o aquela cena<br>Tua pele suada brilha mais do que esse kart<\/p>\n\n\n\n<p>Desligo a televis\u00e3o<br>Hoje eu vou assistir voc\u00ea<br>Perguntei qual posi\u00e7\u00e3o<br>E tu pediu pra eu escolher<\/p>\n\n\n\n<p>Sempre fui disposi\u00e7\u00e3o<br>Mas tu pagou pra ver<\/p>\n\n\n\n<p>Sustenta, gostosa<br>Faz o que quiser fazer<\/p>\n\n\n\n<p>Perdido em outras bocas<br>Porque a sua n\u00e3o tenho<br>Tudo o que c\u00ea quer saber<br>Eu conto sem medo<\/p>\n\n\n\n<p>Detalhes, meus sonhos<br>E at\u00e9 quantos shows tenho<br>Tempo \u00e9 dinheiro<br>Mas s\u00f3 que com voc\u00ea<br>Eu perco ele igual piano<br>Eu deslizo os dedos<\/p>\n\n\n\n<p>E ainda vem dizer pra mim<br>Que \u00e9 f\u00e1cil te esquecer<br>Pra mim, pra mim<br>Que \u00e9 f\u00e1cil te esquecer<\/p>\n\n\n\n<p>Eu tentei me enganar, mas \u00e9 voc\u00ea<br>Procurei em outros corpos<br>Noite atr\u00e1s de noite<br>Copo atr\u00e1s de copo<br>S\u00f3 me diz se vem hoje<br>Nunca mais eu te solto<\/p>\n\n\n\n<p>Baby \u00e9 a maior viagem<br>Se voc\u00ea ficar sem nada<br>Eu nem sou de me apaixonar<br>Mas olha pra tu<br>Minha \u00faltima nem conta<br>Finge que n\u00e3o foi nada<br>Tipo surfista, me deslizo nesse seu corpo nu<\/p>\n\n\n\n<p>Seu perfume franc\u00eas fico na minha casa<br>Eu lembro que c\u00ea me diz que \u201ceu n\u00e3o sou s\u00f3 mais um\u201d<br>At\u00e9 se for mentir, c\u00ea fala na minha cara<br>Com voc\u00ea, nenhuma se compara<\/p>\n\n\n\n<p>Detalhes, meus sonhos<br>E at\u00e9 quantos shows tenho<br>Tempo \u00e9 dinheiro<br>Mas s\u00f3 que com voc\u00ea<br>Eu perco ele igual piano<br>Eu deslizo os dedos<\/p>\n\n\n\n<p>Perdido em outras bocas<br>Porque a sua n\u00e3o tenho<br>Tudo o que c\u00ea quer saber<br>Eu conto sem medo<\/p>\n\n\n\n<p>E ainda vem dizer pra mim<br>Que \u00e9 f\u00e1cil te esquecer<br>Pra mim, pra mim<br>Que \u00e9 f\u00e1cil te esquecer<\/p>","protected":false},"excerpt":{"rendered":"<p>O rapper\u00a0Veigh\u00a0lan\u00e7ou hoje (19) a faixa \u2018Detalhes\u2018. A can\u00e7\u00e3o tem participa\u00e7\u00e3o de L7NNON e Luccas Carlos. Letra Minha mente vai at\u00e9 voc\u00eaSempre que eu deitoSua boca, seu corpoSua bunda, seus peitos Verdades, seus gestosSeus toques, seu cheiroTudo que voc\u00ea temNas outras n\u00e3o vejo Perdido em outras bocasPorque a sua n\u00e3o tenhoTudo o que c\u00ea quer [&hellip;]<\/p>\n","protected":false},"author":2,"featured_media":180356,"comment_status":"closed","ping_status":"open","sticky":false,"template":"","format":"standard","meta":{"footnotes":""},"categories":[154],"tags":[14933],"class_list":["post-180363","post","type-post","status-publish","format-standard","has-post-thumbnail","hentry","category-musica","tag-veigh"],"_links":{"self":[{"href":"https:\/\/portalpopmais.com.br\/en\/wp-json\/wp\/v2\/posts\/180363","targetHints":{"allow":["GET"]}}],"collection":[{"href":"https:\/\/portalpopmais.com.br\/en\/wp-json\/wp\/v2\/posts"}],"about":[{"href":"https:\/\/portalpopmais.com.br\/en\/wp-json\/wp\/v2\/types\/post"}],"author":[{"embeddable":true,"href":"https:\/\/portalpopmais.com.br\/en\/wp-json\/wp\/v2\/users\/2"}],"replies":[{"embeddable":true,"href":"https:\/\/portalpopmais.com.br\/en\/wp-json\/wp\/v2\/comments?post=180363"}],"version-history":[{"count":0,"href":"https:\/\/portalpopmais.com.br\/en\/wp-json\/wp\/v2\/posts\/180363\/revisions"}],"wp:featuredmedia":[{"embeddable":true,"href":"https:\/\/portalpopmais.com.br\/en\/wp-json\/wp\/v2\/media\/180356"}],"wp:attachment":[{"href":"https:\/\/portalpopmais.com.br\/en\/wp-json\/wp\/v2\/media?parent=180363"}],"wp:term":[{"taxonomy":"category","embeddable":true,"href":"https:\/\/portalpopmais.com.br\/en\/wp-json\/wp\/v2\/categories?post=180363"},{"taxonomy":"post_tag","embeddable":true,"href":"https:\/\/portalpopmais.com.br\/en\/wp-json\/wp\/v2\/tags?post=180363"}],"curies":[{"name":"wp","href":"https:\/\/api.w.org\/{rel}","templated":true}]}}