{"id":180566,"date":"2023-05-21T10:13:00","date_gmt":"2023-05-21T13:13:00","guid":{"rendered":"https:\/\/portalpopmais.com.br\/?p=180566"},"modified":"2023-05-21T10:15:06","modified_gmt":"2023-05-21T13:15:06","slug":"fred-nicacio-obrigado-viver-meus-agressores","status":"publish","type":"post","link":"https:\/\/portalpopmais.com.br\/en\/fred-nicacio-obrigado-viver-meus-agressores\/","title":{"rendered":"Fred Nic\u00e1cio diz ter sido obrigado \u00e0 viver com seus agressores no BBB23: &#8220;N\u00edvel de dor&#8221;"},"content":{"rendered":"<p>Em entrevista para o UOL, publicada neste domingo (21), <a href=\"https:\/\/www.instagram.com\/p\/CofFdwig4Zo\/?utm_source=ig_embed&amp;ig_rid=c360cad6-5c73-4bd8-8704-c7238615d9dc\" target=\"_blank\" rel=\"noreferrer noopener\"><strong>Fred Nic\u00e1cio<\/strong><\/a> desabafou a respeito da sua passagem pelo reality Big Brother Brasil. Durante o reality, ele foi v\u00edtima de racismo religioso. Na conversa, ele contou sobre como lidou com as quest\u00f5es raciais dentro do programa da Globo.<\/p>\n\n\n\n<p><strong>Leia mais:<br><a href=\"https:\/\/portalpopmais.com.br\/en\/fred-nicacio-detona-claudia-leitte\/\" target=\"_blank\" rel=\"noreferrer noopener\">V\u00cdDEO: Fred Nic\u00e1cio detona Claudia Leitte: \u201cPeguei ran\u00e7o\u201d<\/a><br><a href=\"https:\/\/portalpopmais.com.br\/en\/influencer-trans-catty-lares-abandona-visual-feminino-apos-retornar-a-igreja\/\" target=\"_blank\" rel=\"noreferrer noopener\">Influencer Catty Lares surpreende e se torna ex-mulher trans ap\u00f3s retornar \u00e0 igreja<\/a><\/strong><\/p>\n\n\n\n<p><em>&#8220;As pautas raciais sempre estiveram presentes no Big Brother Brasil, por\u00e9m eu acho que estamos conquistando lugares de fala com pessoas que sabem falar nesses lugares, porque n\u00e3o adianta apenas voc\u00ea ter lugar de fala e n\u00e3o saber o que falar&#8221;<\/em>, disse.<\/p>\n\n\n\n<figure class=\"wp-block-embed is-type-rich is-provider-instagram wp-block-embed-instagram\"><div class=\"wp-block-embed__wrapper\">\nhttps:\/\/www.instagram.com\/p\/CofFdwig4Zo\/?utm_source=ig_embed&#038;ig_rid=c360cad6-5c73-4bd8-8704-c7238615d9dc\n<\/div><\/figure>\n\n\n\n<p>&#8220;<em>Quando eu fui para casa do reencontro com os outros nove participantes, ningu\u00e9m ali fazia ideia de como seria aquela din\u00e2mica, n\u00f3s t\u00ednhamos direito de desistir logo no primeiro dia e isso nos foi dado, s\u00f3 que eu acho que \u00e9 muito improv\u00e1vel que algu\u00e9m colocasse, por exemplo, a Dania para conviver com os dois importunadores sexuais dela por 48 horas, mas se coloca uma v\u00edtima de racismo religioso para conviver com seus tr\u00eas agressores. A\u00ed voc\u00ea consegue perceber que existe essa diferen\u00e7a na hora de catalogar o n\u00edvel de dor&#8221;,<\/em> adicionou.<\/p>\n\n\n\n<p>Ele seguiu, pontuando sobre como a sociedade age em casos de racismo. <em>&#8220;\u00c9 sempre mais f\u00e1cil me esconder, n\u00e3o me ouvir e me silenciar para que a sociedade continue como est\u00e1 perpetuando privil\u00e9gios em pessoas que n\u00e3o tem o menor talento nem o menor carisma e s\u00f3 s\u00e3o brancas&#8221;.<\/em> Veja a entrevista completa <a href=\"https:\/\/www.uol.com.br\/ecoa\/ultimas-noticias\/2023\/05\/21\/colocaram-uma-vitima-de-racismo-para-conviver-com-seus-agressores.htm\" target=\"_blank\" rel=\"noopener\">aqui<\/a>.<\/p>","protected":false},"excerpt":{"rendered":"<p>Em entrevista para o UOL, publicada neste domingo (21), Fred Nic\u00e1cio desabafou a respeito da sua passagem pelo reality Big Brother Brasil. Durante o reality, ele foi v\u00edtima de racismo religioso. Na conversa, ele contou sobre como lidou com as quest\u00f5es raciais dentro do programa da Globo. Leia mais:V\u00cdDEO: Fred Nic\u00e1cio detona Claudia Leitte: \u201cPeguei [&hellip;]<\/p>\n","protected":false},"author":2,"featured_media":168745,"comment_status":"closed","ping_status":"open","sticky":false,"template":"","format":"standard","meta":{"footnotes":""},"categories":[1],"tags":[13539],"class_list":["post-180566","post","type-post","status-publish","format-standard","has-post-thumbnail","hentry","category-fire2","tag-fred-nicacio"],"_links":{"self":[{"href":"https:\/\/portalpopmais.com.br\/en\/wp-json\/wp\/v2\/posts\/180566","targetHints":{"allow":["GET"]}}],"collection":[{"href":"https:\/\/portalpopmais.com.br\/en\/wp-json\/wp\/v2\/posts"}],"about":[{"href":"https:\/\/portalpopmais.com.br\/en\/wp-json\/wp\/v2\/types\/post"}],"author":[{"embeddable":true,"href":"https:\/\/portalpopmais.com.br\/en\/wp-json\/wp\/v2\/users\/2"}],"replies":[{"embeddable":true,"href":"https:\/\/portalpopmais.com.br\/en\/wp-json\/wp\/v2\/comments?post=180566"}],"version-history":[{"count":0,"href":"https:\/\/portalpopmais.com.br\/en\/wp-json\/wp\/v2\/posts\/180566\/revisions"}],"wp:featuredmedia":[{"embeddable":true,"href":"https:\/\/portalpopmais.com.br\/en\/wp-json\/wp\/v2\/media\/168745"}],"wp:attachment":[{"href":"https:\/\/portalpopmais.com.br\/en\/wp-json\/wp\/v2\/media?parent=180566"}],"wp:term":[{"taxonomy":"category","embeddable":true,"href":"https:\/\/portalpopmais.com.br\/en\/wp-json\/wp\/v2\/categories?post=180566"},{"taxonomy":"post_tag","embeddable":true,"href":"https:\/\/portalpopmais.com.br\/en\/wp-json\/wp\/v2\/tags?post=180566"}],"curies":[{"name":"wp","href":"https:\/\/api.w.org\/{rel}","templated":true}]}}