{"id":180617,"date":"2023-05-22T08:20:05","date_gmt":"2023-05-22T11:20:05","guid":{"rendered":"https:\/\/portalpopmais.com.br\/?p=180617"},"modified":"2023-05-22T08:20:17","modified_gmt":"2023-05-22T11:20:17","slug":"globo-define-saida-manoel-soares","status":"publish","type":"post","link":"https:\/\/portalpopmais.com.br\/en\/globo-define-saida-manoel-soares\/","title":{"rendered":"Globo define data para Manoel Soares deixar o &#8220;Encontro&#8221;"},"content":{"rendered":"<p class=\"wp-block-paragraph\">A treta entre <strong><a href=\"https:\/\/portalpopmais.com.br\/en\/em-meio-a-polemicas-patricia-poeta-renova-contrato-com-a-globo-e-tem-salario-revelado-veja-quanto\/\" data-type=\"post\" data-id=\"177973\">Patr\u00edcia Poeta<\/a><\/strong> e <strong>Manoel Soares<\/strong> movimentou os bastidores da Globo. A dire\u00e7\u00e3o do canal decidiu dar novos rumos \u00e0 carreira do apresentador dentro da empresa e j\u00e1 tem uma data para que ele deixe a apresenta\u00e7\u00e3o do &#8220;Encontro&#8221;.<\/p>\n\n\n\n<p class=\"wp-block-paragraph\">De acordo com informa\u00e7\u00f5es do <a href=\"http:\/\/tvpop.com.br\" target=\"_blank\" rel=\"noreferrer noopener\">TV Pop<\/a>, a Globo est\u00e1 conduzindo um processo para que ele deixe a atra\u00e7\u00e3o em agosto desse ano. Antes disso, ele ter\u00e1 a chance de apresentar o matinal sem a presen\u00e7a de Poeta, apontada pelo p\u00fablico como principal causadora do mal-estar com Manoel.<\/p>\n\n\n\n<p class=\"wp-block-paragraph\">Em julho, Poeta sair\u00e1 de f\u00e9rias e Manoel ir\u00e1 comandar a atra\u00e7\u00e3o sozinho, com o aux\u00edlio de colunistas, como j\u00e1 acontece hoje.<\/p>\n\n\n\n<p class=\"wp-block-paragraph\">Patr\u00edcia Poeta j\u00e1 foi acusada de tentar silenciar o apresentador ao vivo. Em v\u00e1rias situa\u00e7\u00f5es, ela j\u00e1 cortou falas de Manoel e passou em frente \u00e0 c\u00e2mera a qual o comunicador se dirigia.<\/p>","protected":false},"excerpt":{"rendered":"<p>A treta entre Patr\u00edcia Poeta e Manoel Soares movimentou os bastidores da Globo. A dire\u00e7\u00e3o do canal decidiu dar novos rumos \u00e0 carreira do apresentador dentro da empresa e j\u00e1 tem uma data para que ele deixe a apresenta\u00e7\u00e3o do &#8220;Encontro&#8221;. De acordo com informa\u00e7\u00f5es do TV Pop, a Globo est\u00e1 conduzindo um processo para [&hellip;]<\/p>\n","protected":false},"author":1,"featured_media":134587,"comment_status":"closed","ping_status":"open","sticky":false,"template":"","format":"standard","meta":{"footnotes":""},"categories":[181],"tags":[891,10802,9106],"class_list":["post-180617","post","type-post","status-publish","format-standard","has-post-thumbnail","hentry","category-televisao","tag-encontro","tag-manoel-soares","tag-patricia-poeta"],"_links":{"self":[{"href":"https:\/\/portalpopmais.com.br\/en\/wp-json\/wp\/v2\/posts\/180617","targetHints":{"allow":["GET"]}}],"collection":[{"href":"https:\/\/portalpopmais.com.br\/en\/wp-json\/wp\/v2\/posts"}],"about":[{"href":"https:\/\/portalpopmais.com.br\/en\/wp-json\/wp\/v2\/types\/post"}],"author":[{"embeddable":true,"href":"https:\/\/portalpopmais.com.br\/en\/wp-json\/wp\/v2\/users\/1"}],"replies":[{"embeddable":true,"href":"https:\/\/portalpopmais.com.br\/en\/wp-json\/wp\/v2\/comments?post=180617"}],"version-history":[{"count":0,"href":"https:\/\/portalpopmais.com.br\/en\/wp-json\/wp\/v2\/posts\/180617\/revisions"}],"wp:featuredmedia":[{"embeddable":true,"href":"https:\/\/portalpopmais.com.br\/en\/wp-json\/wp\/v2\/media\/134587"}],"wp:attachment":[{"href":"https:\/\/portalpopmais.com.br\/en\/wp-json\/wp\/v2\/media?parent=180617"}],"wp:term":[{"taxonomy":"category","embeddable":true,"href":"https:\/\/portalpopmais.com.br\/en\/wp-json\/wp\/v2\/categories?post=180617"},{"taxonomy":"post_tag","embeddable":true,"href":"https:\/\/portalpopmais.com.br\/en\/wp-json\/wp\/v2\/tags?post=180617"}],"curies":[{"name":"wp","href":"https:\/\/api.w.org\/{rel}","templated":true}]}}