{"id":180632,"date":"2023-05-22T09:28:34","date_gmt":"2023-05-22T12:28:34","guid":{"rendered":"https:\/\/portalpopmais.com.br\/?p=180632"},"modified":"2023-05-22T09:32:31","modified_gmt":"2023-05-22T12:32:31","slug":"real-madrid-denuncia-oficialmente-os-crimes-de-odio-e-discriminacao-contra-vinicius-junior-ao-mp-da-espanha","status":"publish","type":"post","link":"https:\/\/portalpopmais.com.br\/en\/real-madrid-denuncia-oficialmente-os-crimes-de-odio-e-discriminacao-contra-vinicius-junior-ao-mp-da-espanha\/","title":{"rendered":"Real Madrid denuncia oficialmente os crimes de \u00f3dio e discrimina\u00e7\u00e3o contra Vinicius Jr. ao MP da Espanha"},"content":{"rendered":"<p class=\"wp-block-paragraph\">O caso de racismo sofrido por <a href=\"https:\/\/portalpopmais.com.br\/en\/video-vinicius-jr-e-vitima-de-racismo-sofre-mata-leao-de-jogador-branco-e-e-expulso-da-partida\/\" data-type=\"post\" data-id=\"180590\">Vinicius Jr durante o La Liga<\/a>, no \u00faltimo domingo (21), pode ir parar nos tribunais. O Real Madrid denunciou hoje, de forma oficial, o crime de discrimina\u00e7\u00e3o contra o jogador junto ao ao Minist\u00e9rio P\u00fablico da Espanha. As informa\u00e7\u00f5es s\u00e3o do <a href=\"https:\/\/g1.globo.com\/mundo\/noticia\/2023\/05\/22\/real-madrid-denuncia-delitos-de-odio-e-discriminacao-contra-vinicius-jr-ao-ministerio-publico-espanhol.ghtml\" target=\"_blank\" rel=\"noreferrer noopener\">g1<\/a>.<\/p>\n\n\n\n<p class=\"wp-block-paragraph\"><strong>Leia mais:<br><a href=\"https:\/\/portalpopmais.com.br\/en\/video-vinicius-jr-e-vitima-de-racismo-sofre-mata-leao-de-jogador-branco-e-e-expulso-da-partida\/\" target=\"_blank\" rel=\"noreferrer noopener\">V\u00cdDEO: Vinicius Jr \u00e9 v\u00edtima de racismo, sofre mata-le\u00e3o de jogador branco e \u00e9 expulso da partida<\/a><\/strong><\/p>\n\n\n\n<p class=\"wp-block-paragraph\">&#8220;O Real Madrid considera que tais ataques tamb\u00e9m constituem um crime de \u00f3dio, raz\u00e3o pela qual apresentou den\u00fancia correspondente \u00e0 Procuradoria-Geral do Estado, especificamente \u00e0 Procuradoria contra crimes de \u00f3dio e discrimina\u00e7\u00e3o, para que os fatos sejam investigados e apuradas as responsabilidades&#8221;, declarou o clube madrilenho, em um comunicado.<\/p>\n\n\n\n<p class=\"wp-block-paragraph\">O t\u00e9cnico do Real Madrid, Carlos Ancelotti, j\u00e1 havia sa\u00eddo em defesa do brasileiro. Em entrevista coletiva depois do jogo, Ancelotti se recusou a falar sobre a partida e atacou a La Liga, a liga espanhola dos clubes de futebol da Espanha.<\/p>\n\n\n\n<figure class=\"wp-block-embed aligncenter is-type-rich is-provider-instagram wp-block-embed-instagram\"><div class=\"wp-block-embed__wrapper\">\nhttps:\/\/www.instagram.com\/p\/CshKhcAo9K_\/\n<\/div><\/figure>\n\n\n\n<p class=\"wp-block-paragraph\">Tamb\u00e9m nesta segunda, o presidente da La Liga, Javier Tebas, rebateu cr\u00edticas feitas pelo brasileiro \u00e0 liga espanhola, por se omitir diante de casos similares, e afirmou que &#8220;nem a Espanha, nem a La Liga s\u00e3o racistas&#8221;. Vini Jr. compartilhou no Instagram que esta n\u00e3o foi a primeira vez que foi v\u00edtima de racismo no campeonato.<\/p>\n\n\n\n<p class=\"wp-block-paragraph\">&#8220;\u00c9 muito injusto dizer isso&#8221;, declarou Tebas. &#8220;N\u00e3o podemos permitir que se manche a imagem de uma competi\u00e7\u00e3o que \u00e9 sobre o s\u00edmbolo de uni\u00e3o de povos, onde mais de 200 jogadores s\u00e3o de origem negra em 42 clubes que recebem em cada rodada o respeito e o carinho da torcida, sendo o racismo um caso extremamente pontual (9 den\u00fancias) que vamos eliminar&#8221;.<\/p>\n\n\n\n<p class=\"wp-block-paragraph\">J\u00e1 o presidente da Federa\u00e7\u00e3o Espanhola de Futebol, Lu\u00eds Rubiales, defendeu Vin\u00edcius Jr. e afirmou que h\u00e1, sim, um &#8220;problema com racismo em nosso pa\u00eds&#8221;. Ele pediu ainda que a CBF &#8220;ignore&#8221; as posi\u00e7\u00f5es do presidente da La Liga, que chamou de &#8220;irrespons\u00e1vel&#8221;.<\/p>","protected":false},"excerpt":{"rendered":"<p>O caso de racismo sofrido por Vinicius Jr durante o La Liga, no \u00faltimo domingo (21), pode ir parar nos tribunais. O Real Madrid denunciou hoje, de forma oficial, o crime de discrimina\u00e7\u00e3o contra o jogador junto ao ao Minist\u00e9rio P\u00fablico da Espanha. As informa\u00e7\u00f5es s\u00e3o do g1. Leia mais:V\u00cdDEO: Vinicius Jr \u00e9 v\u00edtima de [&hellip;]<\/p>\n","protected":false},"author":2,"featured_media":180635,"comment_status":"closed","ping_status":"open","sticky":false,"template":"","format":"standard","meta":{"footnotes":""},"categories":[173],"tags":[14957],"class_list":["post-180632","post","type-post","status-publish","format-standard","has-post-thumbnail","hentry","category-celebridades","tag-vinicius-junior"],"_links":{"self":[{"href":"https:\/\/portalpopmais.com.br\/en\/wp-json\/wp\/v2\/posts\/180632","targetHints":{"allow":["GET"]}}],"collection":[{"href":"https:\/\/portalpopmais.com.br\/en\/wp-json\/wp\/v2\/posts"}],"about":[{"href":"https:\/\/portalpopmais.com.br\/en\/wp-json\/wp\/v2\/types\/post"}],"author":[{"embeddable":true,"href":"https:\/\/portalpopmais.com.br\/en\/wp-json\/wp\/v2\/users\/2"}],"replies":[{"embeddable":true,"href":"https:\/\/portalpopmais.com.br\/en\/wp-json\/wp\/v2\/comments?post=180632"}],"version-history":[{"count":0,"href":"https:\/\/portalpopmais.com.br\/en\/wp-json\/wp\/v2\/posts\/180632\/revisions"}],"wp:featuredmedia":[{"embeddable":true,"href":"https:\/\/portalpopmais.com.br\/en\/wp-json\/wp\/v2\/media\/180635"}],"wp:attachment":[{"href":"https:\/\/portalpopmais.com.br\/en\/wp-json\/wp\/v2\/media?parent=180632"}],"wp:term":[{"taxonomy":"category","embeddable":true,"href":"https:\/\/portalpopmais.com.br\/en\/wp-json\/wp\/v2\/categories?post=180632"},{"taxonomy":"post_tag","embeddable":true,"href":"https:\/\/portalpopmais.com.br\/en\/wp-json\/wp\/v2\/tags?post=180632"}],"curies":[{"name":"wp","href":"https:\/\/api.w.org\/{rel}","templated":true}]}}