{"id":180644,"date":"2023-05-22T10:54:42","date_gmt":"2023-05-22T13:54:42","guid":{"rendered":"https:\/\/portalpopmais.com.br\/?p=180644"},"modified":"2023-05-22T10:54:55","modified_gmt":"2023-05-22T13:54:55","slug":"dance-the-night-dua-lipa-anuncia-musica-tema-para-o-filme-barbie","status":"publish","type":"post","link":"https:\/\/portalpopmais.com.br\/en\/dance-the-night-dua-lipa-anuncia-musica-tema-para-o-filme-barbie\/","title":{"rendered":"&#8216;Dance The Night&#8217;: Dua Lipa an\u00fancia m\u00fasica-tema para o filme Barbie"},"content":{"rendered":"<p><strong><a href=\"https:\/\/portalpopmais.com.br\/en\/dua-lipa-confirmada-no-filme-barbie\/\" data-type=\"post\" data-id=\"174809\">Dua Lipa<\/a><\/strong> anunciou hoje (22), o lan\u00e7amento da faixa &#8216;<a href=\"https:\/\/www.instagram.com\/p\/Csi90UWvsGi\/\" target=\"_blank\" rel=\"noopener\">Dance The Night<\/a>&#8216;, para a pr\u00f3xima sexta-feira (26). A can\u00e7\u00e3o ser\u00e1 o tema do filme &#8216;Barbie&#8217;, que chega aos cinemas em julho.<\/p>\n\n\n\n<p>Junto com o an\u00fancio, a cantora divulgou uma pr\u00e9via do single, mostrando que a can\u00e7\u00e3o segue a tem\u00e1tica eletro-pop, a mesma do seu \u00faltimo \u00e1lbum de est\u00fadio, &#8216;Future Nostalgia&#8217;.<\/p>\n\n\n\n<figure class=\"wp-block-embed is-type-rich is-provider-instagram wp-block-embed-instagram\"><div class=\"wp-block-embed__wrapper\">\nhttps:\/\/www.instagram.com\/p\/Csi90UWvsGi\/\n<\/div><\/figure>","protected":false},"excerpt":{"rendered":"<p>Dua Lipa anunciou hoje (22), o lan\u00e7amento da faixa &#8216;Dance The Night&#8216;, para a pr\u00f3xima sexta-feira (26). A can\u00e7\u00e3o ser\u00e1 o tema do filme &#8216;Barbie&#8217;, que chega aos cinemas em julho. Junto com o an\u00fancio, a cantora divulgou uma pr\u00e9via do single, mostrando que a can\u00e7\u00e3o segue a tem\u00e1tica eletro-pop, a mesma do seu \u00faltimo [&hellip;]<\/p>\n","protected":false},"author":2,"featured_media":180647,"comment_status":"closed","ping_status":"open","sticky":false,"template":"","format":"standard","meta":{"footnotes":""},"categories":[154],"tags":[263],"class_list":["post-180644","post","type-post","status-publish","format-standard","has-post-thumbnail","hentry","category-musica","tag-dua-lipa"],"_links":{"self":[{"href":"https:\/\/portalpopmais.com.br\/en\/wp-json\/wp\/v2\/posts\/180644","targetHints":{"allow":["GET"]}}],"collection":[{"href":"https:\/\/portalpopmais.com.br\/en\/wp-json\/wp\/v2\/posts"}],"about":[{"href":"https:\/\/portalpopmais.com.br\/en\/wp-json\/wp\/v2\/types\/post"}],"author":[{"embeddable":true,"href":"https:\/\/portalpopmais.com.br\/en\/wp-json\/wp\/v2\/users\/2"}],"replies":[{"embeddable":true,"href":"https:\/\/portalpopmais.com.br\/en\/wp-json\/wp\/v2\/comments?post=180644"}],"version-history":[{"count":0,"href":"https:\/\/portalpopmais.com.br\/en\/wp-json\/wp\/v2\/posts\/180644\/revisions"}],"wp:featuredmedia":[{"embeddable":true,"href":"https:\/\/portalpopmais.com.br\/en\/wp-json\/wp\/v2\/media\/180647"}],"wp:attachment":[{"href":"https:\/\/portalpopmais.com.br\/en\/wp-json\/wp\/v2\/media?parent=180644"}],"wp:term":[{"taxonomy":"category","embeddable":true,"href":"https:\/\/portalpopmais.com.br\/en\/wp-json\/wp\/v2\/categories?post=180644"},{"taxonomy":"post_tag","embeddable":true,"href":"https:\/\/portalpopmais.com.br\/en\/wp-json\/wp\/v2\/tags?post=180644"}],"curies":[{"name":"wp","href":"https:\/\/api.w.org\/{rel}","templated":true}]}}