{"id":180650,"date":"2023-05-22T12:08:47","date_gmt":"2023-05-22T15:08:47","guid":{"rendered":"https:\/\/portalpopmais.com.br\/?p=180650"},"modified":"2023-05-22T12:16:11","modified_gmt":"2023-05-22T15:16:11","slug":"mc-mirella-foto-intima-vitinho","status":"publish","type":"post","link":"https:\/\/portalpopmais.com.br\/en\/mc-mirella-foto-intima-vitinho\/","title":{"rendered":"Foto \u00edntima de MC Mirella e Vitinho Pol\u00eamico cai na web e agita internautas; veja"},"content":{"rendered":"<p class=\"wp-block-paragraph\">Ap\u00f3s anunciar que est\u00e1 gr\u00e1vida de Dynho Alves, <strong><a href=\"https:\/\/portalpopmais.com.br\/en\/mirella-confirma-gravidez\/\" data-type=\"post\" data-id=\"179332\">MC Mirella<\/a><\/strong> voltou a ocupar o topo dos assuntos mais comentados das redes sociais, nesta segunda-feira (22). O motivo? Ela estaria vivendo um romance com o cantor nordestino Vitinho Pol\u00eamico.<\/p>\n\n\n\n<p class=\"wp-block-paragraph\">Uma foto \u00edntima dos dois acabou caindo na web, o que gerou um burburinho entre os f\u00e3s da funkeira.<\/p>\n\n\n\n<p class=\"wp-block-paragraph\">O registro foi compartilhado pelo site em <a href=\"https:\/\/emoff.meionorte.com\/colunas\/erlan-bastos\/vaza-foto-intima-de-mc-mirella-com-cantor-nordestino\/\" target=\"_blank\" rel=\"noreferrer noopener\">EM OFF<\/a>, mas ainda n\u00e3o se sabe se o romance \u00e9 recente. Mirella e Vitinho j\u00e1 trabalharam juntos na faixa &#8220;Agressividade&#8221;, lan\u00e7ada em maio do ano passado. Na \u00e9poca, Mirella estava separada de Dynho.<\/p>\n\n\n<div class=\"wp-block-image\">\n<figure class=\"aligncenter size-large\"><img loading=\"lazy\" decoding=\"async\" width=\"644\" height=\"694\" src=\"https:\/\/portalpopmais.com.br\/wp-content\/uploads\/2023\/05\/image-96-644x694.png\" alt=\"\" class=\"wp-image-180657\" title=\"\"><figcaption class=\"wp-element-caption\">Foto: Reprodu\u00e7\u00e3o<\/figcaption><\/figure>\n<\/div>","protected":false},"excerpt":{"rendered":"<p>Ap\u00f3s anunciar que est\u00e1 gr\u00e1vida de Dynho Alves, MC Mirella voltou a ocupar o topo dos assuntos mais comentados das redes sociais, nesta segunda-feira (22). O motivo? Ela estaria vivendo um romance com o cantor nordestino Vitinho Pol\u00eamico. Uma foto \u00edntima dos dois acabou caindo na web, o que gerou um burburinho entre os f\u00e3s [&hellip;]<\/p>\n","protected":false},"author":2,"featured_media":82316,"comment_status":"closed","ping_status":"open","sticky":false,"template":"","format":"standard","meta":{"footnotes":""},"categories":[173],"tags":[1708],"class_list":["post-180650","post","type-post","status-publish","format-standard","has-post-thumbnail","hentry","category-celebridades","tag-mc-mirella"],"_links":{"self":[{"href":"https:\/\/portalpopmais.com.br\/en\/wp-json\/wp\/v2\/posts\/180650","targetHints":{"allow":["GET"]}}],"collection":[{"href":"https:\/\/portalpopmais.com.br\/en\/wp-json\/wp\/v2\/posts"}],"about":[{"href":"https:\/\/portalpopmais.com.br\/en\/wp-json\/wp\/v2\/types\/post"}],"author":[{"embeddable":true,"href":"https:\/\/portalpopmais.com.br\/en\/wp-json\/wp\/v2\/users\/2"}],"replies":[{"embeddable":true,"href":"https:\/\/portalpopmais.com.br\/en\/wp-json\/wp\/v2\/comments?post=180650"}],"version-history":[{"count":0,"href":"https:\/\/portalpopmais.com.br\/en\/wp-json\/wp\/v2\/posts\/180650\/revisions"}],"wp:featuredmedia":[{"embeddable":true,"href":"https:\/\/portalpopmais.com.br\/en\/wp-json\/wp\/v2\/media\/82316"}],"wp:attachment":[{"href":"https:\/\/portalpopmais.com.br\/en\/wp-json\/wp\/v2\/media?parent=180650"}],"wp:term":[{"taxonomy":"category","embeddable":true,"href":"https:\/\/portalpopmais.com.br\/en\/wp-json\/wp\/v2\/categories?post=180650"},{"taxonomy":"post_tag","embeddable":true,"href":"https:\/\/portalpopmais.com.br\/en\/wp-json\/wp\/v2\/tags?post=180650"}],"curies":[{"name":"wp","href":"https:\/\/api.w.org\/{rel}","templated":true}]}}