{"id":181139,"date":"2023-05-26T11:01:12","date_gmt":"2023-05-26T14:01:12","guid":{"rendered":"https:\/\/portalpopmais.com.br\/?p=181139"},"modified":"2023-05-26T11:11:33","modified_gmt":"2023-05-26T14:11:33","slug":"sidney-magal-e-internado-apos-passar-mal-em-show","status":"publish","type":"post","link":"https:\/\/portalpopmais.com.br\/en\/sidney-magal-e-internado-apos-passar-mal-em-show\/","title":{"rendered":"Sidney Magal \u00e9 internado ap\u00f3s passar mal em show"},"content":{"rendered":"<p>O cantor <strong><a href=\"https:\/\/portalpopmais.com.br\/en\/video-sidney-magal-passa-mal-durante-show-e-e-atendido-as-pressas\/\" data-type=\"post\" data-id=\"181121\">Sidney Magal<\/a><\/strong> foi internado, na madrugada desta sexta-feira (26), em S\u00e3o Paulo, <a href=\"https:\/\/portalpopmais.com.br\/en\/video-sidney-magal-passa-mal-durante-show-e-e-atendido-as-pressas\/\">ap\u00f3s passar mal durante um show na noite anterior.<\/a><\/p>\n\n\n\n<p><strong>Leia mais:<br><a href=\"https:\/\/portalpopmais.com.br\/en\/video-sidney-magal-passa-mal-durante-show-e-e-atendido-as-pressas\/\">V\u00eddeo: Sidney Magal passa mal durante show e \u00e9 aten<\/a><a href=\"https:\/\/portalpopmais.com.br\/en\/video-sidney-magal-passa-mal-durante-show-e-e-atendido-as-pressas\/\" target=\"_blank\" rel=\"noreferrer noopener\">d<\/a><a href=\"https:\/\/portalpopmais.com.br\/en\/video-sidney-magal-passa-mal-durante-show-e-e-atendido-as-pressas\/\">ido \u00e0s pressas<\/a><br><a href=\"https:\/\/portalpopmais.com.br\/en\/corpo-jeff-machado-nao-pode-viajar-em-aviao\/\" target=\"_blank\" rel=\"noreferrer noopener\">Corpo de Jeff Machado n\u00e3o pode ser transportado em voo comercial<\/a><\/strong><br><strong><a href=\"https:\/\/revista360.com.br\/cidades\/video-motorista-de-aplicativo-fica-com-cambio-preso-ao-anus-no-rj-assista\/\" target=\"_blank\" rel=\"noreferrer noopener\">V\u00eddeo: motorista de aplicativo fica com c\u00e2mbio preso ao \u00e2nus no RJ; assista<\/a><\/strong><\/p>\n\n\n\n<p>Na ocasi\u00e3o, o cantor deixou o palco ap\u00f3s um &#8220;pico de press\u00e3o&#8221;, foi atendido no local e chegou a finalizar o show.<\/p>\n\n\n\n<p>Entretanto, Magal foi internado logo ap\u00f3s o fim da apresenta\u00e7\u00e3o no Hospital Vivalle, em S\u00e3o Jos\u00e9, segundo apurou o g1.<\/p>\n\n\n\n<p>Em nota enviada para a imprensa na manh\u00e3 desta sexta-feira (26), o Hospital Vivalle confirmou que o cantor Sidney Magal deu entrada na unidade e disse que o quadro de sa\u00fade do artista \u00e9 <a href=\"http:\/\/twitter.com\/sitepopmais\" target=\"_blank\" rel=\"noopener\">est\u00e1vel<\/a>.<\/p>","protected":false},"excerpt":{"rendered":"<p>O cantor Sidney Magal foi internado, na madrugada desta sexta-feira (26), em S\u00e3o Paulo, ap\u00f3s passar mal durante um show na noite anterior. Leia mais:V\u00eddeo: Sidney Magal passa mal durante show e \u00e9 atendido \u00e0s pressasCorpo de Jeff Machado n\u00e3o pode ser transportado em voo comercialV\u00eddeo: motorista de aplicativo fica com c\u00e2mbio preso ao \u00e2nus [&hellip;]<\/p>\n","protected":false},"author":2,"featured_media":181143,"comment_status":"closed","ping_status":"open","sticky":false,"template":"","format":"standard","meta":{"footnotes":""},"categories":[154],"tags":[11950],"class_list":["post-181139","post","type-post","status-publish","format-standard","has-post-thumbnail","hentry","category-musica","tag-sidney-magal"],"_links":{"self":[{"href":"https:\/\/portalpopmais.com.br\/en\/wp-json\/wp\/v2\/posts\/181139","targetHints":{"allow":["GET"]}}],"collection":[{"href":"https:\/\/portalpopmais.com.br\/en\/wp-json\/wp\/v2\/posts"}],"about":[{"href":"https:\/\/portalpopmais.com.br\/en\/wp-json\/wp\/v2\/types\/post"}],"author":[{"embeddable":true,"href":"https:\/\/portalpopmais.com.br\/en\/wp-json\/wp\/v2\/users\/2"}],"replies":[{"embeddable":true,"href":"https:\/\/portalpopmais.com.br\/en\/wp-json\/wp\/v2\/comments?post=181139"}],"version-history":[{"count":0,"href":"https:\/\/portalpopmais.com.br\/en\/wp-json\/wp\/v2\/posts\/181139\/revisions"}],"wp:featuredmedia":[{"embeddable":true,"href":"https:\/\/portalpopmais.com.br\/en\/wp-json\/wp\/v2\/media\/181143"}],"wp:attachment":[{"href":"https:\/\/portalpopmais.com.br\/en\/wp-json\/wp\/v2\/media?parent=181139"}],"wp:term":[{"taxonomy":"category","embeddable":true,"href":"https:\/\/portalpopmais.com.br\/en\/wp-json\/wp\/v2\/categories?post=181139"},{"taxonomy":"post_tag","embeddable":true,"href":"https:\/\/portalpopmais.com.br\/en\/wp-json\/wp\/v2\/tags?post=181139"}],"curies":[{"name":"wp","href":"https:\/\/api.w.org\/{rel}","templated":true}]}}