{"id":181307,"date":"2023-05-28T18:05:04","date_gmt":"2023-05-28T21:05:04","guid":{"rendered":"https:\/\/portalpopmais.com.br\/?p=181307"},"modified":"2023-05-28T18:05:15","modified_gmt":"2023-05-28T21:05:15","slug":"sidney-magal-segue-internado","status":"publish","type":"post","link":"https:\/\/portalpopmais.com.br\/en\/sidney-magal-segue-internado\/","title":{"rendered":"Sidney Magal segue internado e sem previs\u00e3o de alta"},"content":{"rendered":"<p>O cantor <a href=\"https:\/\/www.instagram.com\/p\/Cstky03t-Ub\/\" target=\"_blank\" rel=\"noreferrer noopener\">Sidney Magal<\/a> continua internado no Hospital do Cora\u00e7\u00e3o, em S\u00e3o Paulo, e sem previs\u00e3o de alta. O artista foi hospitalizado na quinta-feira (25), ap\u00f3s passar mal em um show em S\u00e3o Jos\u00e9 dos Campos. Ele apresentou um quadro de alta na press\u00e3o arterial de forma s\u00fabita. <\/p>\n\n\n\n<p><strong>Leia mais:<br><a href=\"https:\/\/portalpopmais.com.br\/en\/sidney-magal-tranquiliza-fas\/\" target=\"_blank\" rel=\"noreferrer noopener\">Sidney Magal tranquiliza f\u00e3s: \u201cPress\u00e3o elevad\u00edssima\u201d<\/a><br><a href=\"https:\/\/portalpopmais.com.br\/en\/sidney-magal-e-internado-apos-passar-mal-em-show\/\" target=\"_blank\" rel=\"noreferrer noopener\">Sidney Magal \u00e9 internado ap\u00f3s passar mal em show<\/a><\/strong><\/p>\n\n\n\n<p>De acordo com o boletim m\u00e9dico, o cantor est\u00e1 \u201cem boas condi\u00e7\u00f5es cl\u00ednicas, est\u00e1vel e consciente\u201d.<\/p>\n\n\n\n<p>Antes da transfer\u00eancia de hospital, o artista publicou um v\u00eddeo em seu Instagram esclarecendo o ocorrido. <em>\u201cMe preocupei e achei que deveria correr para o hospital. Fizeram exames e viram que n\u00e3o era nada grave. Nos veremos muitas outras vezes ainda. Estou bem!\u201d<\/em>, garantiu ele.<\/p>\n\n\n\n<figure class=\"wp-block-embed is-type-rich is-provider-instagram wp-block-embed-instagram\"><div class=\"wp-block-embed__wrapper\">\nhttps:\/\/www.instagram.com\/p\/Cstky03t-Ub\/\n<\/div><\/figure>","protected":false},"excerpt":{"rendered":"<p>O cantor Sidney Magal continua internado no Hospital do Cora\u00e7\u00e3o, em S\u00e3o Paulo, e sem previs\u00e3o de alta. O artista foi hospitalizado na quinta-feira (25), ap\u00f3s passar mal em um show em S\u00e3o Jos\u00e9 dos Campos. Ele apresentou um quadro de alta na press\u00e3o arterial de forma s\u00fabita. Leia mais:Sidney Magal tranquiliza f\u00e3s: \u201cPress\u00e3o elevad\u00edssima\u201dSidney [&hellip;]<\/p>\n","protected":false},"author":2,"featured_media":181309,"comment_status":"closed","ping_status":"open","sticky":false,"template":"","format":"standard","meta":{"footnotes":""},"categories":[173],"tags":[11950],"class_list":["post-181307","post","type-post","status-publish","format-standard","has-post-thumbnail","hentry","category-celebridades","tag-sidney-magal"],"_links":{"self":[{"href":"https:\/\/portalpopmais.com.br\/en\/wp-json\/wp\/v2\/posts\/181307","targetHints":{"allow":["GET"]}}],"collection":[{"href":"https:\/\/portalpopmais.com.br\/en\/wp-json\/wp\/v2\/posts"}],"about":[{"href":"https:\/\/portalpopmais.com.br\/en\/wp-json\/wp\/v2\/types\/post"}],"author":[{"embeddable":true,"href":"https:\/\/portalpopmais.com.br\/en\/wp-json\/wp\/v2\/users\/2"}],"replies":[{"embeddable":true,"href":"https:\/\/portalpopmais.com.br\/en\/wp-json\/wp\/v2\/comments?post=181307"}],"version-history":[{"count":0,"href":"https:\/\/portalpopmais.com.br\/en\/wp-json\/wp\/v2\/posts\/181307\/revisions"}],"wp:featuredmedia":[{"embeddable":true,"href":"https:\/\/portalpopmais.com.br\/en\/wp-json\/wp\/v2\/media\/181309"}],"wp:attachment":[{"href":"https:\/\/portalpopmais.com.br\/en\/wp-json\/wp\/v2\/media?parent=181307"}],"wp:term":[{"taxonomy":"category","embeddable":true,"href":"https:\/\/portalpopmais.com.br\/en\/wp-json\/wp\/v2\/categories?post=181307"},{"taxonomy":"post_tag","embeddable":true,"href":"https:\/\/portalpopmais.com.br\/en\/wp-json\/wp\/v2\/tags?post=181307"}],"curies":[{"name":"wp","href":"https:\/\/api.w.org\/{rel}","templated":true}]}}