{"id":181508,"date":"2023-05-31T09:36:03","date_gmt":"2023-05-31T12:36:03","guid":{"rendered":"https:\/\/portalpopmais.com.br\/?p=181508"},"modified":"2023-05-31T09:36:14","modified_gmt":"2023-05-31T12:36:14","slug":"reporter-globo-agredida-palacio","status":"publish","type":"post","link":"https:\/\/portalpopmais.com.br\/en\/reporter-globo-agredida-palacio\/","title":{"rendered":"V\u00eddeo: jornalista da Globo leva soco durante entrevista coletiva com Nicol\u00e1s Maduro"},"content":{"rendered":"<p><strong><a href=\"https:\/\/portalpopmais.com.br\/en\/suspeito-de-matar-o-ator-jeff-machado-trabalhou-na-globo\/\" data-type=\"post\" data-id=\"181373\">Delis Ortiz<\/a><\/strong>, rep\u00f3rter da Globo em Bras\u00edlia, foi alvo de uma agress\u00e3o durante uma coletiva de imprensa com o presidente venezuelano, Nicol\u00e1s Maduro, nesta ter\u00e7a-feira (30). O epis\u00f3dio foi registrado em v\u00eddeo, veiculado no Jornal Nacional. A emissora se manifestou sobre a situa\u00e7\u00e3o e condenou a agress\u00e3o.<\/p>\n\n\n\n<p><strong>Leia mais:<br><a href=\"https:\/\/portalpopmais.com.br\/en\/suspeito-de-matar-o-ator-jeff-machado-trabalhou-na-globo\/\"><\/a><a href=\"https:\/\/portalpopmais.com.br\/en\/suspeito-de-matar-o-ator-jeff-machado-trabalhou-na-globo\/\" target=\"_blank\" rel=\"noreferrer noopener\">Suspeito de matar o ator Jeff Machado trabalhou na Globo<\/a><br><a href=\"https:\/\/portalpopmais.com.br\/en\/substituto-william-bonner-jornal-nacional\/\" target=\"_blank\" rel=\"noreferrer noopener\">Vai sair? Globo j\u00e1 tem o substituto de William Bonner no Jornal Nacional; saiba quem<\/a><\/strong><\/p>\n\n\n\n<p>O telejornal relatou que depois da reuni\u00e3o no Itamaraty, agentes de seguran\u00e7a do presidente da Venezuela e a servi\u00e7o do Gabinete de Seguran\u00e7a Institucional da presid\u00eancia brasileira agrediram profissionais da imprensa.<\/p>\n\n\n\n<p>Segundo o notici\u00e1rio, a confus\u00e3o ocorreu depois que os seguran\u00e7as tentavam impedir a aproxima\u00e7\u00e3o dos jornalistas. No momento da situa\u00e7\u00e3o, um dos agentes acertou um soco no peito de Delis Ortiz, que cobre a agenda do presidente Lula (PT) na <a href=\"http:\/\/redeglobo.globo.com\" target=\"_blank\" rel=\"noopener\">Globo<\/a>.<\/p>\n\n\n\n<p>Na reportagem, o JN afirmou que, por causa do tumulto, n\u00e3o foi poss\u00edvel registrar imagens do momento da agress\u00e3o, mas filmagens mostraram os momentos de logo depois.<\/p>\n\n\n\n<h2 class=\"wp-block-heading\">Globo repudia epis\u00f3dio<\/h2>\n\n\n\n<p>A Globo declarou que repudiou o ato de viol\u00eancia contra os jornalistas e se solidarizou com os profissionais. O canal tamb\u00e9m cobrou do governo Lula que provid\u00eancias sejam tomadas para a puni\u00e7\u00e3o dos respons\u00e1veis.<\/p>\n\n\n\n<p>J\u00e1 o Minist\u00e9rio das Rela\u00e7\u00f5es Exteriores, em nota, lamentou a agress\u00e3o a profissionais de imprensa e afirmou que tomar\u00e1 provid\u00eancias. A Secretaria de Imprensa da Presid\u00eancia da Rep\u00fablica se solidarizou com a jornalista e repudiou toda e qualquer agress\u00e3o contra jornalistas.<\/p>\n\n\n\n<figure class=\"wp-block-embed is-type-rich is-provider-twitter wp-block-embed-twitter\"><div class=\"wp-block-embed__wrapper\">\nhttps:\/\/twitter.com\/NaTelaDaGlo\/status\/1663701860056793088\n<\/div><\/figure>","protected":false},"excerpt":{"rendered":"<p>Delis Ortiz, rep\u00f3rter da Globo em Bras\u00edlia, foi alvo de uma agress\u00e3o durante uma coletiva de imprensa com o presidente venezuelano, Nicol\u00e1s Maduro, nesta ter\u00e7a-feira (30). O epis\u00f3dio foi registrado em v\u00eddeo, veiculado no Jornal Nacional. A emissora se manifestou sobre a situa\u00e7\u00e3o e condenou a agress\u00e3o. Leia mais:Suspeito de matar o ator Jeff Machado [&hellip;]<\/p>\n","protected":false},"author":2,"featured_media":181511,"comment_status":"closed","ping_status":"open","sticky":false,"template":"","format":"standard","meta":{"footnotes":""},"categories":[181],"tags":[15017,180,1434],"class_list":["post-181508","post","type-post","status-publish","format-standard","has-post-thumbnail","hentry","category-televisao","tag-delis-ortiz","tag-globo","tag-jornal-nacional"],"_links":{"self":[{"href":"https:\/\/portalpopmais.com.br\/en\/wp-json\/wp\/v2\/posts\/181508","targetHints":{"allow":["GET"]}}],"collection":[{"href":"https:\/\/portalpopmais.com.br\/en\/wp-json\/wp\/v2\/posts"}],"about":[{"href":"https:\/\/portalpopmais.com.br\/en\/wp-json\/wp\/v2\/types\/post"}],"author":[{"embeddable":true,"href":"https:\/\/portalpopmais.com.br\/en\/wp-json\/wp\/v2\/users\/2"}],"replies":[{"embeddable":true,"href":"https:\/\/portalpopmais.com.br\/en\/wp-json\/wp\/v2\/comments?post=181508"}],"version-history":[{"count":0,"href":"https:\/\/portalpopmais.com.br\/en\/wp-json\/wp\/v2\/posts\/181508\/revisions"}],"wp:featuredmedia":[{"embeddable":true,"href":"https:\/\/portalpopmais.com.br\/en\/wp-json\/wp\/v2\/media\/181511"}],"wp:attachment":[{"href":"https:\/\/portalpopmais.com.br\/en\/wp-json\/wp\/v2\/media?parent=181508"}],"wp:term":[{"taxonomy":"category","embeddable":true,"href":"https:\/\/portalpopmais.com.br\/en\/wp-json\/wp\/v2\/categories?post=181508"},{"taxonomy":"post_tag","embeddable":true,"href":"https:\/\/portalpopmais.com.br\/en\/wp-json\/wp\/v2\/tags?post=181508"}],"curies":[{"name":"wp","href":"https:\/\/api.w.org\/{rel}","templated":true}]}}