{"id":182290,"date":"2023-06-07T14:43:22","date_gmt":"2023-06-07T17:43:22","guid":{"rendered":"https:\/\/portalpopmais.com.br\/?p=182290"},"modified":"2023-06-07T14:43:35","modified_gmt":"2023-06-07T17:43:35","slug":"dudu-camargo-e-demitido-do-sbt-apos-defecar-no-meio-do-camarim","status":"publish","type":"post","link":"https:\/\/portalpopmais.com.br\/en\/dudu-camargo-e-demitido-do-sbt-apos-defecar-no-meio-do-camarim\/","title":{"rendered":"Dudu Camargo \u00e9 demitido do SBT ap\u00f3s defecar no meio do camarim"},"content":{"rendered":"<p><strong><a href=\"https:\/\/portalpopmais.com.br\/en\/dudu-camargo-reporter-saia-justa\/\" data-type=\"post\" data-id=\"169354\">Dudu Camargo<\/a><\/strong> n\u00e3o \u00e9 mais contratado do <a href=\"http:\/\/sbt.com.br\" target=\"_blank\" rel=\"noopener\">SBT<\/a>. O apresentador do &#8220;Primeiro Impacto&#8221; teve o seu contrato rescindido de maneira unilateral pela dire\u00e7\u00e3o do canal, na \u00faltima segunda-feira (5). As informa\u00e7\u00f5es s\u00e3o do TV Pop.<\/p>\n\n\n\n<p><strong>Leia mais:<br><a href=\"https:\/\/portalpopmais.com.br\/en\/dudu-camargo-afastado-sbt-maisa\/\" target=\"_blank\" rel=\"noreferrer noopener\">Dudu Camargo \u00e9 afastado do SBT e substituto \u00e9 definido ap\u00f3s pol\u00eamica com Maisa<\/a><\/strong><\/p>\n\n\n\n<p>Segundo a publica\u00e7\u00e3o, a gota d\u2019\u00e1gua para a demiss\u00e3o de Dudu foi um epis\u00f3dio escatol\u00f3gico que aconteceu pouco antes de seu afastamento: ele passou mal pouco depois de apresentar o Primeiro Impacto e, sem condi\u00e7\u00f5es de chegar ao banheiro, defecou em pleno camarim. Ele se limpou com uma toalha e, ao inv\u00e9s de jogar o pano no lixo, escondeu o trapo atr\u00e1s de um microondas. N\u00e3o demorou para que um forte odor de fezes ficasse impregnado no ambiente, que tamb\u00e9m \u00e9 utilizado por outros apresentadores, que reclamaram do cheiro com a diretoria da rede.<\/p>\n\n\n\n<p>Ainda de acordo com a reportagem, os executivos pediram para que uma limpeza profunda fosse realizada no local, al\u00e9m da verifica\u00e7\u00e3o das imagens do circuito interno. Logo, n\u00e3o demorou para que imagens do apresentador indo em dire\u00e7\u00e3o ao banheiro, com as cal\u00e7as parcialmente arriadas, fossem localizadas.<\/p>\n\n\n\n<p>Confrontado pela dire\u00e7\u00e3o de Jornalismo, Dudu Camargo n\u00e3o negou que fosse o respons\u00e1vel pelo abandono do pano com fezes. Os executivos do SBT at\u00e9 questionaram o comunicador sobre a raz\u00e3o que lhe fez optar por n\u00e3o jogar a toalha fora, mas ele apenas justificou que sentiu uma indisposi\u00e7\u00e3o estomacal e que n\u00e3o teve tempo h\u00e1bil de ir at\u00e9 o banheiro. Ele foi tirado do matinal poucos dias depois, e as imagens do trapo e do circuito interno de seguran\u00e7a se espalharam pelos grupos de funcion\u00e1rios da emissora \u2014 e, obviamente, viraram motivo de piada.<\/p>\n\n\n\n<p>Em nota, o SBT confirmou a demiss\u00e3o de Dudu e a promo\u00e7\u00e3o de Felipe Malta como titular do &#8220;Primeiro Impacto&#8221;, ao lado de Marc\u00e3o do Povo e Darlisson Dutra.<\/p>","protected":false},"excerpt":{"rendered":"<p>Dudu Camargo n\u00e3o \u00e9 mais contratado do SBT. O apresentador do &#8220;Primeiro Impacto&#8221; teve o seu contrato rescindido de maneira unilateral pela dire\u00e7\u00e3o do canal, na \u00faltima segunda-feira (5). As informa\u00e7\u00f5es s\u00e3o do TV Pop. Leia mais:Dudu Camargo \u00e9 afastado do SBT e substituto \u00e9 definido ap\u00f3s pol\u00eamica com Maisa Segundo a publica\u00e7\u00e3o, a gota [&hellip;]<\/p>\n","protected":false},"author":2,"featured_media":81715,"comment_status":"closed","ping_status":"open","sticky":false,"template":"","format":"standard","meta":{"footnotes":""},"categories":[181],"tags":[2211,403,12616],"class_list":["post-182290","post","type-post","status-publish","format-standard","has-post-thumbnail","hentry","category-televisao","tag-dudu-camargo","tag-sbt","tag-sbt-brasil"],"_links":{"self":[{"href":"https:\/\/portalpopmais.com.br\/en\/wp-json\/wp\/v2\/posts\/182290","targetHints":{"allow":["GET"]}}],"collection":[{"href":"https:\/\/portalpopmais.com.br\/en\/wp-json\/wp\/v2\/posts"}],"about":[{"href":"https:\/\/portalpopmais.com.br\/en\/wp-json\/wp\/v2\/types\/post"}],"author":[{"embeddable":true,"href":"https:\/\/portalpopmais.com.br\/en\/wp-json\/wp\/v2\/users\/2"}],"replies":[{"embeddable":true,"href":"https:\/\/portalpopmais.com.br\/en\/wp-json\/wp\/v2\/comments?post=182290"}],"version-history":[{"count":0,"href":"https:\/\/portalpopmais.com.br\/en\/wp-json\/wp\/v2\/posts\/182290\/revisions"}],"wp:featuredmedia":[{"embeddable":true,"href":"https:\/\/portalpopmais.com.br\/en\/wp-json\/wp\/v2\/media\/81715"}],"wp:attachment":[{"href":"https:\/\/portalpopmais.com.br\/en\/wp-json\/wp\/v2\/media?parent=182290"}],"wp:term":[{"taxonomy":"category","embeddable":true,"href":"https:\/\/portalpopmais.com.br\/en\/wp-json\/wp\/v2\/categories?post=182290"},{"taxonomy":"post_tag","embeddable":true,"href":"https:\/\/portalpopmais.com.br\/en\/wp-json\/wp\/v2\/tags?post=182290"}],"curies":[{"name":"wp","href":"https:\/\/api.w.org\/{rel}","templated":true}]}}