{"id":182496,"date":"2023-06-09T13:05:02","date_gmt":"2023-06-09T16:05:02","guid":{"rendered":"https:\/\/portalpopmais.com.br\/?p=182496"},"modified":"2023-06-09T13:05:16","modified_gmt":"2023-06-09T16:05:16","slug":"leo-santana-lanca-clipe-e-single-senta-ae-veja-letra","status":"publish","type":"post","link":"https:\/\/portalpopmais.com.br\/en\/leo-santana-lanca-clipe-e-single-senta-ae-veja-letra\/","title":{"rendered":"Leo Santana lan\u00e7a clipe e single &#8220;Senta A\u00ea&#8221;; veja letra"},"content":{"rendered":"<p>Fazendo muito sucesso nas redes sociais, nos aplicativos de m\u00fasica, nos pared\u00f5es e nos shows com a m\u00fasica &#8220;Posturado e Calmo&#8221;, o gigante\u00a0<strong><a href=\"https:\/\/portalpopmais.com.br\/en\/lancamentos-19-de-maio-de-2023\/\" data-type=\"post\" data-id=\"180208\">L\u00e9o Santana<\/a><\/strong>\u00a0lan\u00e7a hoje (9) mais uma can\u00e7\u00e3o que promete fazer a galera dan\u00e7ar e arrastar o p\u00e9 nos festejos juninos. O single &#8220;<a href=\"https:\/\/www.youtube.com\/watch?v=vXYXL6eEoLk\" target=\"_blank\" rel=\"noreferrer noopener\">Senta A\u00ea&#8221;<\/a> faz parte de seu novo projeto audiovisual, &#8220;Sofr\u00eancia ou Fuleragem?&#8221;, gravado recentemente em Goi\u00e2nia.<\/p>\n\n\n\n<p>Trazendo uma mistura de pagode, forr\u00f3 e piseiro, a can\u00e7\u00e3o tem uma forte refer\u00eancia, inspira\u00e7\u00e3o e homenagem \u00e0 can\u00e7\u00e3o &#8220;Vida de Viajante&#8221; \u2013 do eterno Luiz Gonzaga. A batida marcante do pagode se mistura ao som inconfund\u00edvel da sanfona, dando \u00e0 m\u00fasica um ritmo \u00fanico, contagiante e altamente dan\u00e7ante.<\/p>\n\n\n\n<p>&#8220;<em>Essa can\u00e7\u00e3o \u00e9 a primeira a ser lan\u00e7ada do meu novo projeto, que foi criado especialmente para o per\u00edodo dos festejos juninos. Ela faz uma homenagem a Luiz Gonzaga, um dos maiores \u00edcones da hist\u00f3ria do forr\u00f3, e tenho certeza de que a galera vai curtir muito essa mistura bacana da percuss\u00e3o do pagode baiano com a sanfona. A m\u00fasica ficou muito gostosinha de ouvir e dan\u00e7ar. Tenho certeza de que a galera vai curtir muito<\/em>&#8220;, comentou animado L\u00e9o.<\/p>\n\n\n\n<p>A can\u00e7\u00e3o, que \u00e9 a primeira lan\u00e7ada do projeto gravado em maio, em Goi\u00e2nia, contar\u00e1 com participa\u00e7\u00f5es da dupla Jorge &amp; Mateus e dos cantores Nattan e Z\u00e9 Felipe. &#8220;Senta A\u00ea&#8221; j\u00e1 est\u00e1 dispon\u00edvel em todas as plataformas de m\u00fasica e no canal oficial de L\u00e9o Santana no YouTube.<\/p>\n\n\n\n<figure class=\"wp-block-embed is-type-video is-provider-youtube wp-block-embed-youtube wp-embed-aspect-16-9 wp-has-aspect-ratio\"><div class=\"wp-block-embed__wrapper\">\n<iframe loading=\"lazy\" title=\"L\u00e9o Santana - Senta\u00ea \/ Cita\u00e7\u00e3o: A Vida Do Viajante (Ao Vivo Em Goi\u00e2nia \/ 2023)\" width=\"880\" height=\"495\" src=\"https:\/\/www.youtube.com\/embed\/vXYXL6eEoLk?feature=oembed\" frameborder=\"0\" allow=\"accelerometer; autoplay; clipboard-write; encrypted-media; gyroscope; picture-in-picture; web-share\" referrerpolicy=\"strict-origin-when-cross-origin\" allowfullscreen><\/iframe>\n<\/div><\/figure>\n\n\n\n<h2 class=\"wp-block-heading\">Letra<\/h2>\n\n\n\n<p>T\u00e1 cansada dessa vida agitada<br>L\u00e1 no trampo teve treta com o patr\u00e3o<br>A semana dessa mina foi puxada<br>Me procura pq eu tenho a solu\u00e7\u00e3o<br>Eu vou<br>Eu vou<br>Calmar teu cora\u00e7\u00e3o<br>Com sequ\u00eancia de botad\u00e3o<br>Senta\u00ea<br>Senta\u00ea<br>Senta\u00ea a\u00ea a\u00ea<\/p>","protected":false},"excerpt":{"rendered":"<p>Fazendo muito sucesso nas redes sociais, nos aplicativos de m\u00fasica, nos pared\u00f5es e nos shows com a m\u00fasica &#8220;Posturado e Calmo&#8221;, o gigante\u00a0L\u00e9o Santana\u00a0lan\u00e7a hoje (9) mais uma can\u00e7\u00e3o que promete fazer a galera dan\u00e7ar e arrastar o p\u00e9 nos festejos juninos. O single &#8220;Senta A\u00ea&#8221; faz parte de seu novo projeto audiovisual, &#8220;Sofr\u00eancia ou [&hellip;]<\/p>\n","protected":false},"author":2,"featured_media":182499,"comment_status":"closed","ping_status":"open","sticky":false,"template":"","format":"standard","meta":{"footnotes":""},"categories":[154],"tags":[8381],"class_list":["post-182496","post","type-post","status-publish","format-standard","has-post-thumbnail","hentry","category-musica","tag-leo-santana-2"],"_links":{"self":[{"href":"https:\/\/portalpopmais.com.br\/en\/wp-json\/wp\/v2\/posts\/182496","targetHints":{"allow":["GET"]}}],"collection":[{"href":"https:\/\/portalpopmais.com.br\/en\/wp-json\/wp\/v2\/posts"}],"about":[{"href":"https:\/\/portalpopmais.com.br\/en\/wp-json\/wp\/v2\/types\/post"}],"author":[{"embeddable":true,"href":"https:\/\/portalpopmais.com.br\/en\/wp-json\/wp\/v2\/users\/2"}],"replies":[{"embeddable":true,"href":"https:\/\/portalpopmais.com.br\/en\/wp-json\/wp\/v2\/comments?post=182496"}],"version-history":[{"count":0,"href":"https:\/\/portalpopmais.com.br\/en\/wp-json\/wp\/v2\/posts\/182496\/revisions"}],"wp:featuredmedia":[{"embeddable":true,"href":"https:\/\/portalpopmais.com.br\/en\/wp-json\/wp\/v2\/media\/182499"}],"wp:attachment":[{"href":"https:\/\/portalpopmais.com.br\/en\/wp-json\/wp\/v2\/media?parent=182496"}],"wp:term":[{"taxonomy":"category","embeddable":true,"href":"https:\/\/portalpopmais.com.br\/en\/wp-json\/wp\/v2\/categories?post=182496"},{"taxonomy":"post_tag","embeddable":true,"href":"https:\/\/portalpopmais.com.br\/en\/wp-json\/wp\/v2\/tags?post=182496"}],"curies":[{"name":"wp","href":"https:\/\/api.w.org\/{rel}","templated":true}]}}