{"id":182721,"date":"2023-06-12T20:37:35","date_gmt":"2023-06-12T23:37:35","guid":{"rendered":"https:\/\/portalpopmais.com.br\/?p=182721"},"modified":"2023-06-12T20:37:46","modified_gmt":"2023-06-12T23:37:46","slug":"grupo-broz-celebra-20-anos-em-grande-estilo","status":"publish","type":"post","link":"https:\/\/portalpopmais.com.br\/en\/grupo-broz-celebra-20-anos-em-grande-estilo\/","title":{"rendered":"Grupo BR\u2019OZ celebra 20 anos em grande estilo!"},"content":{"rendered":"<p><em>A <a href=\"http:\/\/portalpopmais.com.br\/en\/\">boyband<\/a> brasileira realiza nesta ter\u00e7a-feira uma coletiva de imprensa para an\u00fancio do show especial e outras surpresas para a celebra\u00e7\u00e3o de 20 anos do grupo!<\/em> <em>O evento contar\u00e1 com pocket show do cantor <strong>Diego Delgatti.<\/strong><\/em><\/p>\n\n\n\n<p>Na pr\u00f3xima ter\u00e7a-feira, 13\/06, a cidade de S\u00e3o Paulo ser\u00e1 palco de um evento memor\u00e1vel para os f\u00e3s de m\u00fasica pop dos anos 2000. A banda <a href=\"http:\/\/portalpopmais.com.br\/en\/\">BR&#8217;OZ<\/a> , formada no reality show \u201cPopstars\u201d em 2003, comemora os seus 20 anos de carreira em grande estilo, proporcionando para jornalistas e convidados um pocket show exclusivo com a participa\u00e7\u00e3o do cantor e compositor <a href=\"http:\/\/portalpopmais.com.br\/en\/\">Diego Delgatti<\/a>.<\/p>\n\n\n\n<p>Al\u00e9m disso, a boyband ir\u00e1 anunciar em coletiva de imprensa todas as informa\u00e7\u00f5es sobre o show de 20 anos e pr\u00f3ximos passos do grupo, como o lan\u00e7amento de uma m\u00fasica especial para celebrar esse ano comemorativo.<\/p>\n\n\n\n<figure class=\"wp-block-embed is-type-video is-provider-youtube wp-block-embed-youtube wp-embed-aspect-16-9 wp-has-aspect-ratio\"><div class=\"wp-block-embed__wrapper\">\nhttps:\/\/www.youtube.com\/watch?v=fFEP4aTX1Do\n<\/div><\/figure>\n\n\n\n<p>O evento acontece nesta ter\u00e7a-feira no espa\u00e7o para festas e eventos \u2018Guapisima\u2019, \u00e0 partir das 19:00h, e ser\u00e1 fechado somente para convidados, jornalistas e influenciadores digitais.<\/p>","protected":false},"excerpt":{"rendered":"<p>A boyband brasileira realiza nesta ter\u00e7a-feira uma coletiva de imprensa para an\u00fancio do show especial e outras surpresas para a celebra\u00e7\u00e3o de 20 anos do grupo! O evento contar\u00e1 com pocket show do cantor Diego Delgatti. Na pr\u00f3xima ter\u00e7a-feira, 13\/06, a cidade de S\u00e3o Paulo ser\u00e1 palco de um evento memor\u00e1vel para os f\u00e3s de [&hellip;]<\/p>\n","protected":false},"author":2,"featured_media":80994,"comment_status":"closed","ping_status":"open","sticky":false,"template":"","format":"standard","meta":{"footnotes":""},"categories":[2215,154],"tags":[15083,13716,403],"class_list":["post-182721","post","type-post","status-publish","format-standard","has-post-thumbnail","hentry","category-eventos","category-musica","tag-broz-2","tag-popstars","tag-sbt"],"_links":{"self":[{"href":"https:\/\/portalpopmais.com.br\/en\/wp-json\/wp\/v2\/posts\/182721","targetHints":{"allow":["GET"]}}],"collection":[{"href":"https:\/\/portalpopmais.com.br\/en\/wp-json\/wp\/v2\/posts"}],"about":[{"href":"https:\/\/portalpopmais.com.br\/en\/wp-json\/wp\/v2\/types\/post"}],"author":[{"embeddable":true,"href":"https:\/\/portalpopmais.com.br\/en\/wp-json\/wp\/v2\/users\/2"}],"replies":[{"embeddable":true,"href":"https:\/\/portalpopmais.com.br\/en\/wp-json\/wp\/v2\/comments?post=182721"}],"version-history":[{"count":0,"href":"https:\/\/portalpopmais.com.br\/en\/wp-json\/wp\/v2\/posts\/182721\/revisions"}],"wp:featuredmedia":[{"embeddable":true,"href":"https:\/\/portalpopmais.com.br\/en\/wp-json\/wp\/v2\/media\/80994"}],"wp:attachment":[{"href":"https:\/\/portalpopmais.com.br\/en\/wp-json\/wp\/v2\/media?parent=182721"}],"wp:term":[{"taxonomy":"category","embeddable":true,"href":"https:\/\/portalpopmais.com.br\/en\/wp-json\/wp\/v2\/categories?post=182721"},{"taxonomy":"post_tag","embeddable":true,"href":"https:\/\/portalpopmais.com.br\/en\/wp-json\/wp\/v2\/tags?post=182721"}],"curies":[{"name":"wp","href":"https:\/\/api.w.org\/{rel}","templated":true}]}}