{"id":182759,"date":"2023-06-13T11:16:56","date_gmt":"2023-06-13T14:16:56","guid":{"rendered":"https:\/\/portalpopmais.com.br\/?p=182759"},"modified":"2023-06-13T11:17:09","modified_gmt":"2023-06-13T14:17:09","slug":"filho-do-cantor-belo-e-preso-portando-drogas","status":"publish","type":"post","link":"https:\/\/portalpopmais.com.br\/en\/filho-do-cantor-belo-e-preso-portando-drogas\/","title":{"rendered":"Filho do cantor Belo \u00e9 preso portando drogas"},"content":{"rendered":"<p>Arthur Paulo Vieira, um dos filhos do cantor <strong><a href=\"https:\/\/portalpopmais.com.br\/en\/especialista-explica-procedimento-de-preta-gil-para-frear-queda-de-cabelo-durante-quimio\/\" data-type=\"post\" data-id=\"181016\">Belo<\/a><\/strong>, foi preso nesta ter\u00e7a-feira (13). Segundo informa\u00e7\u00f5es do site EM OFF, ele estava na Rodovi\u00e1ria da cidade, quando policiais militares identificaram que o mesmo estava em posse de maconha.<\/p>\n\n\n\n<p>Essa n\u00e3o \u00e9 a primeira vez que um filho do pagodeiro tem problemas com a pol\u00edcia e vai preso. Em 2020, a filha do cantor, Isadora Alkimin Vieira, foi o presa em flagrante sob a acusa\u00e7\u00e3o de fazer parte de uma quadrilha especializada em golpes por meios eletr\u00f4nicos. Ela respondeu inicialmente por organiza\u00e7\u00e3o criminosa, que prev\u00ea de tr\u00eas a oito anos de reclus\u00e3o.<\/p>","protected":false},"excerpt":{"rendered":"<p>Arthur Paulo Vieira, um dos filhos do cantor Belo, foi preso nesta ter\u00e7a-feira (13). Segundo informa\u00e7\u00f5es do site EM OFF, ele estava na Rodovi\u00e1ria da cidade, quando policiais militares identificaram que o mesmo estava em posse de maconha. Essa n\u00e3o \u00e9 a primeira vez que um filho do pagodeiro tem problemas com a pol\u00edcia e [&hellip;]<\/p>\n","protected":false},"author":2,"featured_media":182761,"comment_status":"closed","ping_status":"open","sticky":false,"template":"","format":"standard","meta":{"footnotes":""},"categories":[173],"tags":[565],"class_list":["post-182759","post","type-post","status-publish","format-standard","has-post-thumbnail","hentry","category-celebridades","tag-belo"],"_links":{"self":[{"href":"https:\/\/portalpopmais.com.br\/en\/wp-json\/wp\/v2\/posts\/182759","targetHints":{"allow":["GET"]}}],"collection":[{"href":"https:\/\/portalpopmais.com.br\/en\/wp-json\/wp\/v2\/posts"}],"about":[{"href":"https:\/\/portalpopmais.com.br\/en\/wp-json\/wp\/v2\/types\/post"}],"author":[{"embeddable":true,"href":"https:\/\/portalpopmais.com.br\/en\/wp-json\/wp\/v2\/users\/2"}],"replies":[{"embeddable":true,"href":"https:\/\/portalpopmais.com.br\/en\/wp-json\/wp\/v2\/comments?post=182759"}],"version-history":[{"count":0,"href":"https:\/\/portalpopmais.com.br\/en\/wp-json\/wp\/v2\/posts\/182759\/revisions"}],"wp:featuredmedia":[{"embeddable":true,"href":"https:\/\/portalpopmais.com.br\/en\/wp-json\/wp\/v2\/media\/182761"}],"wp:attachment":[{"href":"https:\/\/portalpopmais.com.br\/en\/wp-json\/wp\/v2\/media?parent=182759"}],"wp:term":[{"taxonomy":"category","embeddable":true,"href":"https:\/\/portalpopmais.com.br\/en\/wp-json\/wp\/v2\/categories?post=182759"},{"taxonomy":"post_tag","embeddable":true,"href":"https:\/\/portalpopmais.com.br\/en\/wp-json\/wp\/v2\/tags?post=182759"}],"curies":[{"name":"wp","href":"https:\/\/api.w.org\/{rel}","templated":true}]}}