{"id":183027,"date":"2023-06-16T07:33:24","date_gmt":"2023-06-16T10:33:24","guid":{"rendered":"https:\/\/portalpopmais.com.br\/?p=183027"},"modified":"2023-06-16T07:33:35","modified_gmt":"2023-06-16T10:33:35","slug":"video-mel-maia-se-irrita-apos-ser-xingada-de-ridicula-por-fa-na-portaria-da-globo","status":"publish","type":"post","link":"https:\/\/portalpopmais.com.br\/en\/video-mel-maia-se-irrita-apos-ser-xingada-de-ridicula-por-fa-na-portaria-da-globo\/","title":{"rendered":"V\u00cdDEO: Mel Maia se irrita ap\u00f3s ser xingada de &#8220;rid\u00edcula&#8221; por f\u00e3 na portaria da Globo"},"content":{"rendered":"<p>Nesta quinta-feira (15), a atriz <strong><a href=\"https:\/\/portalpopmais.com.br\/en\/jornalista-revela-motivo-do-termino-entre-mc-daniel-e-mel-maia\/\" data-type=\"post\" data-id=\"182724\">Mel Maia<\/a><\/strong> foi \u00e0s redes sociais desabafar, ap\u00f3s passar por um momento complicado na portaria dos Est\u00fadios Globo.<\/p>\n\n\n\n<p>A atriz contou que por ter chegado atrasada para as grava\u00e7\u00f5es de \u201cVai na F\u00e9\u201d, n\u00e3o conseguiu um tempo para tirar fotos com os f\u00e3s que estavam na porta da empresa. Com isso, uma pessoa que estava no local a chamou de \u201crid\u00edcula\u201d.<\/p>\n\n\n\n<p>Com isso, a ex-namorada do MC Daniel voltou e questionou quem havia a chamada de \u201crid\u00edcula\u201d. Ela ainda deu um recado a esse povo que nem sempre d\u00e1 para falar por quest\u00f5es do compromisso do trabalho.<\/p>\n\n\n\n<figure class=\"wp-block-embed is-type-rich is-provider-twitter wp-block-embed-twitter\"><div class=\"wp-block-embed__wrapper\">\n<blockquote class=\"twitter-tweet\" data-width=\"550\" data-dnt=\"true\"><p lang=\"pt\" dir=\"ltr\">EITA! Mel Maia chega atrasada na rede globo e \u00e9 chamada de \u201cRid\u00edcula\u201d por f\u00e3 que fica na porta da empresa, por n\u00e3o ter parado para tirar fotos. A atriz disse que estava atrasada e dessa vez n\u00e3o deu para atender os f\u00e3s. <a href=\"https:\/\/t.co\/OksiRcotTJ\">pic.twitter.com\/OksiRcotTJ<\/a><\/p>&mdash; BABADO DOS FAMOSOS RJ (@babadofamososrj) <a href=\"https:\/\/twitter.com\/babadofamososrj\/status\/1669523931089326080?ref_src=twsrc%5Etfw\" target=\"_blank\" rel=\"noopener\">June 16, 2023<\/a><\/blockquote><script async src=\"https:\/\/platform.twitter.com\/widgets.js\" charset=\"utf-8\"><\/script>\n<\/div><\/figure>","protected":false},"excerpt":{"rendered":"<p>Nesta quinta-feira (15), a atriz Mel Maia foi \u00e0s redes sociais desabafar, ap\u00f3s passar por um momento complicado na portaria dos Est\u00fadios Globo. A atriz contou que por ter chegado atrasada para as grava\u00e7\u00f5es de \u201cVai na F\u00e9\u201d, n\u00e3o conseguiu um tempo para tirar fotos com os f\u00e3s que estavam na porta da empresa. Com [&hellip;]<\/p>\n","protected":false},"author":2,"featured_media":183030,"comment_status":"closed","ping_status":"open","sticky":false,"template":"","format":"standard","meta":{"footnotes":""},"categories":[173],"tags":[10060],"class_list":["post-183027","post","type-post","status-publish","format-standard","has-post-thumbnail","hentry","category-celebridades","tag-mel-maia"],"_links":{"self":[{"href":"https:\/\/portalpopmais.com.br\/en\/wp-json\/wp\/v2\/posts\/183027","targetHints":{"allow":["GET"]}}],"collection":[{"href":"https:\/\/portalpopmais.com.br\/en\/wp-json\/wp\/v2\/posts"}],"about":[{"href":"https:\/\/portalpopmais.com.br\/en\/wp-json\/wp\/v2\/types\/post"}],"author":[{"embeddable":true,"href":"https:\/\/portalpopmais.com.br\/en\/wp-json\/wp\/v2\/users\/2"}],"replies":[{"embeddable":true,"href":"https:\/\/portalpopmais.com.br\/en\/wp-json\/wp\/v2\/comments?post=183027"}],"version-history":[{"count":0,"href":"https:\/\/portalpopmais.com.br\/en\/wp-json\/wp\/v2\/posts\/183027\/revisions"}],"wp:featuredmedia":[{"embeddable":true,"href":"https:\/\/portalpopmais.com.br\/en\/wp-json\/wp\/v2\/media\/183030"}],"wp:attachment":[{"href":"https:\/\/portalpopmais.com.br\/en\/wp-json\/wp\/v2\/media?parent=183027"}],"wp:term":[{"taxonomy":"category","embeddable":true,"href":"https:\/\/portalpopmais.com.br\/en\/wp-json\/wp\/v2\/categories?post=183027"},{"taxonomy":"post_tag","embeddable":true,"href":"https:\/\/portalpopmais.com.br\/en\/wp-json\/wp\/v2\/tags?post=183027"}],"curies":[{"name":"wp","href":"https:\/\/api.w.org\/{rel}","templated":true}]}}