{"id":18354,"date":"2019-03-02T12:40:43","date_gmt":"2019-03-02T15:40:43","guid":{"rendered":"http:\/\/popmais.com.br\/?p=18354"},"modified":"2019-03-02T12:40:43","modified_gmt":"2019-03-02T15:40:43","slug":"khalid-anuncia-data-de-lacamento-do-seu-segundo-album","status":"publish","type":"post","link":"https:\/\/portalpopmais.com.br\/en\/khalid-anuncia-data-de-lacamento-do-seu-segundo-album\/","title":{"rendered":"Khalid anuncia data de la\u00e7amento do seu segundo \u00e1lbum"},"content":{"rendered":"<p>O grande astro global Khalid anunciou o lan\u00e7amento do seu segundo \u00e1lbum, o esperado \u201cFree Spirit\u201d, que ser\u00e1 lan\u00e7ado no dia 5 de abril, pelo selo Right Hand Music Group\/RCA Records. A pr\u00e9-venda estar\u00e1 dispon\u00edvel&nbsp;<a href=\"https:\/\/talk.khalidofficial.com\/\" target=\"_blank\" rel=\"noopener noreferrer\">aqui<\/a>&nbsp;a partir do dia 7 de mar\u00e7o.<\/p>\n<p>Na comemora\u00e7\u00e3o do lan\u00e7amento do \u00e1lbum, Khalid anunciou a estreia do seu curta-metragem, tamb\u00e9m chamado de \u201cFree Spirit\u201d. Com a parceria do distribuidor de cinema Trafalgar Releasing, \u201cFree Spirit\u201d ser\u00e1 lan\u00e7ado nas telonas mundialmente no dia 3 de abril desse ano \u2013 dois dias antes do lan\u00e7amento do \u00e1lbum. O evento de uma noite tamb\u00e9m vai incluir, com exclusividade, uma audi\u00e7\u00e3o do disco.<\/p>\n<p>No in\u00edcio desse m\u00eas, Khalid lan\u00e7ou a m\u00fasica \u201cTalk\u201d, seu primeiro single de \u201cFree Spirit\u201d.&nbsp; Ou\u00e7a:<\/p>\n<p><iframe loading=\"lazy\" title=\"Khalid - Talk (Audio)\" width=\"880\" height=\"495\" src=\"https:\/\/www.youtube.com\/embed\/Y1QZOprK7PQ?feature=oembed\" frameborder=\"0\" allow=\"accelerometer; autoplay; encrypted-media; gyroscope; picture-in-picture\" allowfullscreen><\/iframe><\/p>","protected":false},"excerpt":{"rendered":"<p>O grande astro global Khalid anunciou o lan\u00e7amento do seu segundo \u00e1lbum, o esperado \u201cFree Spirit\u201d, que ser\u00e1 lan\u00e7ado no dia 5 de abril, pelo selo Right Hand Music Group\/RCA Records. A pr\u00e9-venda estar\u00e1 dispon\u00edvel&nbsp;aqui&nbsp;a partir do dia 7 de mar\u00e7o. Na comemora\u00e7\u00e3o do lan\u00e7amento do \u00e1lbum, Khalid anunciou a estreia do seu curta-metragem, tamb\u00e9m [&hellip;]<\/p>\n","protected":false},"author":2,"featured_media":18356,"comment_status":"open","ping_status":"open","sticky":false,"template":"","format":"standard","meta":{"footnotes":""},"categories":[154],"tags":[78],"class_list":["post-18354","post","type-post","status-publish","format-standard","has-post-thumbnail","hentry","category-musica","tag-khalid"],"_links":{"self":[{"href":"https:\/\/portalpopmais.com.br\/en\/wp-json\/wp\/v2\/posts\/18354","targetHints":{"allow":["GET"]}}],"collection":[{"href":"https:\/\/portalpopmais.com.br\/en\/wp-json\/wp\/v2\/posts"}],"about":[{"href":"https:\/\/portalpopmais.com.br\/en\/wp-json\/wp\/v2\/types\/post"}],"author":[{"embeddable":true,"href":"https:\/\/portalpopmais.com.br\/en\/wp-json\/wp\/v2\/users\/2"}],"replies":[{"embeddable":true,"href":"https:\/\/portalpopmais.com.br\/en\/wp-json\/wp\/v2\/comments?post=18354"}],"version-history":[{"count":0,"href":"https:\/\/portalpopmais.com.br\/en\/wp-json\/wp\/v2\/posts\/18354\/revisions"}],"wp:featuredmedia":[{"embeddable":true,"href":"https:\/\/portalpopmais.com.br\/en\/wp-json\/"}],"wp:attachment":[{"href":"https:\/\/portalpopmais.com.br\/en\/wp-json\/wp\/v2\/media?parent=18354"}],"wp:term":[{"taxonomy":"category","embeddable":true,"href":"https:\/\/portalpopmais.com.br\/en\/wp-json\/wp\/v2\/categories?post=18354"},{"taxonomy":"post_tag","embeddable":true,"href":"https:\/\/portalpopmais.com.br\/en\/wp-json\/wp\/v2\/tags?post=18354"}],"curies":[{"name":"wp","href":"https:\/\/api.w.org\/{rel}","templated":true}]}}