{"id":184956,"date":"2023-07-11T10:39:25","date_gmt":"2023-07-11T13:39:25","guid":{"rendered":"https:\/\/portalpopmais.com.br\/?p=184956"},"modified":"2023-07-11T10:39:38","modified_gmt":"2023-07-11T13:39:38","slug":"mc-marcinho-intubado-parada-cardiaca","status":"publish","type":"post","link":"https:\/\/portalpopmais.com.br\/en\/mc-marcinho-intubado-parada-cardiaca\/","title":{"rendered":"MC Marcinho, do hit &#8220;Glamurosa&#8221;, \u00e9 intubado ap\u00f3s sofrer uma parada card\u00edaca; estado \u00e9 grav\u00edssimo"},"content":{"rendered":"<p><strong><a href=\"https:\/\/portalpopmais.com.br\/en\/marcinho-cancela-show-edema-pulmonar\/\" data-type=\"post\" data-id=\"170777\">MC Marcinho<\/a><\/strong>, conhecido pelo hit &#8220;Glamurosa&#8221;, est\u00e1 internado no Hospital Copa d&#8217;Or em estado grav\u00edssimo. O m\u00fasico teria sofrido uma parada card\u00edaca nesta segunda-feira (10), e precisou ser intubado, deixando seus f\u00e3s preocupados.<\/p>\n\n\n\n<p>A not\u00edcia de sua interna\u00e7\u00e3o foi dada por seu irm\u00e3o e empres\u00e1rio, Mauro Garcia. A necessidade de intuba\u00e7\u00e3o causou como\u00e7\u00e3o entre seus amigos, familiares e f\u00e3s, que se uniram em ora\u00e7\u00f5es pelo seu <a href=\"http:\/\/instagram.com\/portalpopmais\" target=\"_blank\" rel=\"noopener\">pronto<\/a> restabelecimento.<\/p>\n\n\n\n<p>MC Marcinho tem hist\u00f3rico de graves problemas card\u00edacos. Recentemente, ele passou por uma cirurgia para trocar o marca-passo. O m\u00fasico j\u00e1 est\u00e1 h\u00e1 um m\u00eas internado com problemas de sa\u00fade.<\/p>\n\n\n\n<p>Recentemente, o funkeiro chegou a pedri ajuda nas redes sociais, para que o plano de sa\u00fade pudesse liberar uma cirurgia no cora\u00e7\u00e3o e chegou a ser operado dias depois.<\/p>","protected":false},"excerpt":{"rendered":"<p>MC Marcinho, conhecido pelo hit &#8220;Glamurosa&#8221;, est\u00e1 internado no Hospital Copa d&#8217;Or em estado grav\u00edssimo. O m\u00fasico teria sofrido uma parada card\u00edaca nesta segunda-feira (10), e precisou ser intubado, deixando seus f\u00e3s preocupados. A not\u00edcia de sua interna\u00e7\u00e3o foi dada por seu irm\u00e3o e empres\u00e1rio, Mauro Garcia. A necessidade de intuba\u00e7\u00e3o causou como\u00e7\u00e3o entre seus [&hellip;]<\/p>\n","protected":false},"author":2,"featured_media":184957,"comment_status":"closed","ping_status":"open","sticky":false,"template":"","format":"standard","meta":{"footnotes":""},"categories":[173],"tags":[14241],"class_list":["post-184956","post","type-post","status-publish","format-standard","has-post-thumbnail","hentry","category-celebridades","tag-mc-marcinho"],"_links":{"self":[{"href":"https:\/\/portalpopmais.com.br\/en\/wp-json\/wp\/v2\/posts\/184956","targetHints":{"allow":["GET"]}}],"collection":[{"href":"https:\/\/portalpopmais.com.br\/en\/wp-json\/wp\/v2\/posts"}],"about":[{"href":"https:\/\/portalpopmais.com.br\/en\/wp-json\/wp\/v2\/types\/post"}],"author":[{"embeddable":true,"href":"https:\/\/portalpopmais.com.br\/en\/wp-json\/wp\/v2\/users\/2"}],"replies":[{"embeddable":true,"href":"https:\/\/portalpopmais.com.br\/en\/wp-json\/wp\/v2\/comments?post=184956"}],"version-history":[{"count":0,"href":"https:\/\/portalpopmais.com.br\/en\/wp-json\/wp\/v2\/posts\/184956\/revisions"}],"wp:featuredmedia":[{"embeddable":true,"href":"https:\/\/portalpopmais.com.br\/en\/wp-json\/wp\/v2\/media\/184957"}],"wp:attachment":[{"href":"https:\/\/portalpopmais.com.br\/en\/wp-json\/wp\/v2\/media?parent=184956"}],"wp:term":[{"taxonomy":"category","embeddable":true,"href":"https:\/\/portalpopmais.com.br\/en\/wp-json\/wp\/v2\/categories?post=184956"},{"taxonomy":"post_tag","embeddable":true,"href":"https:\/\/portalpopmais.com.br\/en\/wp-json\/wp\/v2\/tags?post=184956"}],"curies":[{"name":"wp","href":"https:\/\/api.w.org\/{rel}","templated":true}]}}