{"id":184984,"date":"2023-07-11T13:56:52","date_gmt":"2023-07-11T16:56:52","guid":{"rendered":"https:\/\/portalpopmais.com.br\/?p=184984"},"modified":"2023-07-11T13:57:06","modified_gmt":"2023-07-11T16:57:06","slug":"duda-colla-lanca-eu-tambem-to-single-que-faz-revival-da-estetica-pop-dos-anos-2000","status":"publish","type":"post","link":"https:\/\/portalpopmais.com.br\/en\/duda-colla-lanca-eu-tambem-to-single-que-faz-revival-da-estetica-pop-dos-anos-2000\/","title":{"rendered":"Duda Colla lan\u00e7a \u201cEu Tamb\u00e9m T\u00f4\u201d, single que faz revival da est\u00e9tica pop dos anos 2000"},"content":{"rendered":"<p>Todo mundo j\u00e1 se sentiu atra\u00eddo por algu\u00e9m \u00e0 primeira vista e, por consequ\u00eancia, quis chamar a aten\u00e7\u00e3o dessa pessoa. \u00c9 o conhecido momento do flerte, com trocas de olhares, indiretas e mais demonstra\u00e7\u00f5es de interesse. \u00c9 natural do ser humano, especialmente quando somos mais jovens, e \u00e9 com essa mesma naturalidade que a cantora ga\u00facha Duda Colla criou seu mais novo single \u201cEu Tamb\u00e9m T\u00f4\u201d.<\/p>\n\n\n\n<p>A faixa \u00e9 mais um fruto da parceria da cantora com Sabrina Lopes e Mateus Melo e representa mais um passo em seu amadurecimento musical. Com claras refer\u00eancias \u00e0 j\u00e1 considerada nost\u00e1lgica cena de pop e R&amp;B dos anos 2000, a novidade se aprofunda em uma batida marcante e uma levada sensual que consegue musicalizar com perfei\u00e7\u00e3o a mensagem da letra. \u201cEu sei que voc\u00ea reparou que a blusa que eu t\u00f4 \u00e9 daquela banda que voc\u00ea gosta de escutar\u201d, diz o in\u00edcio da m\u00fasica.<\/p>\n\n\n\n<p>\u201cEu Tamb\u00e9m T\u00f4\u201d vem acompanhada de um clipe produzido pela Gublic Films e protagonizado pela pr\u00f3pria Duda. No conforto de uma cadeira \u00e0 beira de uma piscina, a cantora recita a can\u00e7\u00e3o enquanto pensa na pessoa preterida e est\u00e1 vestida com uma camisa da banda norte-americana Red Hot Chili Peppers.<\/p>\n\n\n\n<p>\u201cQueria muito verbalizar isso\u201d, conta Duda sobre o sentimento de interesse que a can\u00e7\u00e3o traz. \u201c\u00c9 sobre se permitir sentir, sem compromisso e sem culpa. \u00c9 uma forma leve de demonstrar estar envolvida. S\u00e3o aquelas fa\u00edscas iniciais, em que as coisas s\u00e3o menos expl\u00edcitas. \u00c9 um sentimento muito bom\u201d, conclui.<\/p>\n\n\n\n<figure class=\"wp-block-embed is-type-video is-provider-youtube wp-block-embed-youtube wp-embed-aspect-16-9 wp-has-aspect-ratio\"><div class=\"wp-block-embed__wrapper\">\n<iframe loading=\"lazy\" title=\"Duda Colla - Eu Tamb\u00e9m T\u00f4 (Clipe Oficial)\" width=\"880\" height=\"495\" src=\"https:\/\/www.youtube.com\/embed\/TKI1A4WrEiU?feature=oembed\" frameborder=\"0\" allow=\"accelerometer; autoplay; clipboard-write; encrypted-media; gyroscope; picture-in-picture; web-share\" referrerpolicy=\"strict-origin-when-cross-origin\" allowfullscreen><\/iframe>\n<\/div><\/figure>","protected":false},"excerpt":{"rendered":"<p>Todo mundo j\u00e1 se sentiu atra\u00eddo por algu\u00e9m \u00e0 primeira vista e, por consequ\u00eancia, quis chamar a aten\u00e7\u00e3o dessa pessoa. \u00c9 o conhecido momento do flerte, com trocas de olhares, indiretas e mais demonstra\u00e7\u00f5es de interesse. \u00c9 natural do ser humano, especialmente quando somos mais jovens, e \u00e9 com essa mesma naturalidade que a cantora [&hellip;]<\/p>\n","protected":false},"author":2,"featured_media":184986,"comment_status":"closed","ping_status":"open","sticky":false,"template":"","format":"standard","meta":{"footnotes":""},"categories":[154],"tags":[],"class_list":["post-184984","post","type-post","status-publish","format-standard","has-post-thumbnail","hentry","category-musica"],"_links":{"self":[{"href":"https:\/\/portalpopmais.com.br\/en\/wp-json\/wp\/v2\/posts\/184984","targetHints":{"allow":["GET"]}}],"collection":[{"href":"https:\/\/portalpopmais.com.br\/en\/wp-json\/wp\/v2\/posts"}],"about":[{"href":"https:\/\/portalpopmais.com.br\/en\/wp-json\/wp\/v2\/types\/post"}],"author":[{"embeddable":true,"href":"https:\/\/portalpopmais.com.br\/en\/wp-json\/wp\/v2\/users\/2"}],"replies":[{"embeddable":true,"href":"https:\/\/portalpopmais.com.br\/en\/wp-json\/wp\/v2\/comments?post=184984"}],"version-history":[{"count":0,"href":"https:\/\/portalpopmais.com.br\/en\/wp-json\/wp\/v2\/posts\/184984\/revisions"}],"wp:featuredmedia":[{"embeddable":true,"href":"https:\/\/portalpopmais.com.br\/en\/wp-json\/wp\/v2\/media\/184986"}],"wp:attachment":[{"href":"https:\/\/portalpopmais.com.br\/en\/wp-json\/wp\/v2\/media?parent=184984"}],"wp:term":[{"taxonomy":"category","embeddable":true,"href":"https:\/\/portalpopmais.com.br\/en\/wp-json\/wp\/v2\/categories?post=184984"},{"taxonomy":"post_tag","embeddable":true,"href":"https:\/\/portalpopmais.com.br\/en\/wp-json\/wp\/v2\/tags?post=184984"}],"curies":[{"name":"wp","href":"https:\/\/api.w.org\/{rel}","templated":true}]}}