{"id":185618,"date":"2023-07-19T09:44:42","date_gmt":"2023-07-19T12:44:42","guid":{"rendered":"https:\/\/portalpopmais.com.br\/?p=185618"},"modified":"2023-07-19T09:44:55","modified_gmt":"2023-07-19T12:44:55","slug":"day-limns-setlist-show-5-seconds-of-summer","status":"publish","type":"post","link":"https:\/\/portalpopmais.com.br\/en\/day-limns-setlist-show-5-seconds-of-summer\/","title":{"rendered":"Convidada especial do 5 SECONDS OF SUMMER, DAY LIMNS revela setlist especial para show"},"content":{"rendered":"<p><strong><a href=\"https:\/\/portalpopmais.com.br\/en\/pastor-mensagens-satanicas-single-day-limns\/\" data-type=\"post\" data-id=\"183338\">DAY LIMNS<\/a><\/strong>, j\u00e1 est\u00e1 preparada para abrir os shows do grupo 5 Seconds of Summer. A cantora divulgou em suas redes sociais o setlist exclusivo para as apresenta\u00e7\u00f5es as pa\u00eds que acontecem no dia 23 de julho no Rio de Janeiro, no Vivo Rio, e no dia 25 de junho em S\u00e3o Paulo, no Espa\u00e7o Unimed. O repert\u00f3rio da artista vai desde seus mais recentes lan\u00e7amentos, al\u00e9m de &#8220;Penhasco&#8221; vers\u00e3o rock e at\u00e9 One Direction.&nbsp;Os ingressos, que podem ser adquiridos em at\u00e9 3x sem juros, est\u00e3o dispon\u00edveis online (<a href=\"https:\/\/click.cse360.com.br\/Click\/AddCampaignEmailClick\/270aca09-543d-4738-0099-08db78b1157f\/http%253a%252f%252fatendimento.musiquepress.com.br%252faccounts%252f134571%252fmessages%252f654%252fclicks%252f2099%252f504%253fenvelope_id%253d585\/9ec914d7-7d75-4ab5-1a05-08d7c5ff26d2\/ferreira@portalpopmais.com.br\/True\" target=\"_blank\" rel=\"noreferrer noopener\">www.ticketmaster.com.br<\/a>) e nas bilheterias oficiais (sem taxa de servi\u00e7o).&nbsp;<\/p>\n\n\n\n<p>&#8220;Estou muito animada e lisonjeada por confiarem em mim para fazer parte destas grandes apresenta\u00e7\u00f5es do 5 Seconds of Summer que s\u00e3o grandes \u00eddolos meus. Preparei com muito carinho o repert\u00f3rio e, apesar do pouco tempo que tenho em cima do palco, acredito que vou conseguir mostrar minha ess\u00eancia, agradar os f\u00e3s, al\u00e9m de surpreender com algumas vers\u00f5es. Espero que todos curtam tanto quanto eu e que seja um \u00f3timo aquecimento para o show da banda&#8221;, afirma a cantora.&nbsp;<\/p>\n\n\n\n<p><strong>Setlist<br><\/strong>Inconsequente<br>Vermelho farol<br>Fugitivos<br>Minha religi\u00e3o<br>Little things (ac\u00fastico)*<br>Diluvio<br>Castelo de areia<br>Penhasco (rock version)*<br>Muito alem<br>Finais mentem<\/p>\n\n\n\n<h2 class=\"wp-block-heading\">\u00daltimos lan\u00e7amentos<\/h2>\n\n\n\n<p>DAY LIMNS lan\u00e7ou recentemente seu mais novo single: &#8220;Minha Religi\u00e3o&#8221;. A faixa est\u00e1 dispon\u00edvel em todos os aplicativos de m\u00fasica e com direito a clipe. Composta pela pr\u00f3pria artista e produzida por Los Brasileros, o single \u00e9, nas palavras de DAY, uma declara\u00e7\u00e3o de amor. &#8220;Para mim ela \u00e9 uma poesia, \u00e9 um pop rock rom\u00e2ntico que eu fiz pensando em ser uma declara\u00e7\u00e3o de amor. Sabe quando voc\u00ea mostra todos os seus pecados e falhas para a pessoa amada e ela te aceita? \u00c9 sobre, por um lado, voc\u00ea ficar vislumbrado com isso, mas \u00e9 tamb\u00e9m sobre voc\u00ea se sentir que acabou se tornando um peso, ou melhor, uma cruz que o outro passa a carregar.&#8221;<\/p>\n\n\n\n<p>&#8220;Minha Religi\u00e3o&#8221; \u00e9 o segundo lan\u00e7amento de novo e poderoso projeto que a artista prepara para este ano e se junta a &#8220;Vermelho Farol&#8221;, faixa que j\u00e1 est\u00e1 dispon\u00edvel em todos aplicativos de m\u00fasica. DAY \u00e9 um dos principais nomes atuais do POP Underground e conta com milhares de seguidores nas redes sociais, mais de 95 milh\u00f5es de visualiza\u00e7\u00f5es no Youtube e 80 milh\u00f5es de streams.<\/p>\n\n\n\n<p>DAY \u00e9 um dos principais nomes atuais do POP Underground e conta com milhares de seguidores nas redes sociais, mais de 95 milh\u00f5es de visualiza\u00e7\u00f5es no Youtube e 80 milh\u00f5es de streams.<\/p>\n\n\n\n<h2 class=\"wp-block-heading\">Novos projetos<\/h2>\n\n\n\n<p>Sobre o futuro, a cantora afirma que jamais se prender\u00e1 a uma \u00fanica vers\u00e3o de si mesma. &#8220;Tudo que as pessoas viram e ouviram de mim faz parte da minha verdadeira ess\u00eancia. Me redescubro todos os dias. Isso \u00e9 o que tenho dentro de mim hoje, o que quero hoje, o que sinto que preciso fazer hoje. Tenho dificuldade de me aprisionar e de me limitar em qualquer sentido da vida, e musicalmente n\u00e3o seria diferente. Hoje, me vejo como infinitas possibilidades e quero poder me sentir livre pra viver testando cada uma delas sempre quando quiser&#8221;.<\/p>\n\n\n\n<p>Seus mais recentes lan\u00e7amentos provam isso. A artista est\u00e1 cada vez mais assumindo seu papel como principal representante do POP Rock atual e promete levantar em suas letras temas ainda mais profundos que v\u00e3o da sexualidade \u00e0 religi\u00e3o. &#8220;7 Vidas&#8221;, &#8220;Muito Al\u00e9m&#8221;, com Di Ferreiro, &#8220;Castelo de Areia&#8221;, com Bullet Bane&#8221;, &#8220;Vermelho Farol&#8221; e &#8220;Minha Religi\u00e3o&#8221;, j\u00e1 entregam um pouco do que est\u00e1 por vir, mas n\u00e3o se espante, se a surpresa tomar conta de seus ouvidos no pr\u00f3ximo lan\u00e7amento. Seu segundo \u00e1lbum, um dos maiores projetos de sua carreira, como DAY gosta de afirmar, ser\u00e1 lan\u00e7ado ainda este ano.<\/p>","protected":false},"excerpt":{"rendered":"<p>DAY LIMNS, j\u00e1 est\u00e1 preparada para abrir os shows do grupo 5 Seconds of Summer. A cantora divulgou em suas redes sociais o setlist exclusivo para as apresenta\u00e7\u00f5es as pa\u00eds que acontecem no dia 23 de julho no Rio de Janeiro, no Vivo Rio, e no dia 25 de junho em S\u00e3o Paulo, no Espa\u00e7o [&hellip;]<\/p>\n","protected":false},"author":1,"featured_media":185620,"comment_status":"closed","ping_status":"open","sticky":false,"template":"","format":"standard","meta":{"footnotes":""},"categories":[154],"tags":[6627],"class_list":["post-185618","post","type-post","status-publish","format-standard","has-post-thumbnail","hentry","category-musica","tag-day-limns"],"_links":{"self":[{"href":"https:\/\/portalpopmais.com.br\/en\/wp-json\/wp\/v2\/posts\/185618","targetHints":{"allow":["GET"]}}],"collection":[{"href":"https:\/\/portalpopmais.com.br\/en\/wp-json\/wp\/v2\/posts"}],"about":[{"href":"https:\/\/portalpopmais.com.br\/en\/wp-json\/wp\/v2\/types\/post"}],"author":[{"embeddable":true,"href":"https:\/\/portalpopmais.com.br\/en\/wp-json\/wp\/v2\/users\/1"}],"replies":[{"embeddable":true,"href":"https:\/\/portalpopmais.com.br\/en\/wp-json\/wp\/v2\/comments?post=185618"}],"version-history":[{"count":0,"href":"https:\/\/portalpopmais.com.br\/en\/wp-json\/wp\/v2\/posts\/185618\/revisions"}],"wp:featuredmedia":[{"embeddable":true,"href":"https:\/\/portalpopmais.com.br\/en\/wp-json\/wp\/v2\/media\/185620"}],"wp:attachment":[{"href":"https:\/\/portalpopmais.com.br\/en\/wp-json\/wp\/v2\/media?parent=185618"}],"wp:term":[{"taxonomy":"category","embeddable":true,"href":"https:\/\/portalpopmais.com.br\/en\/wp-json\/wp\/v2\/categories?post=185618"},{"taxonomy":"post_tag","embeddable":true,"href":"https:\/\/portalpopmais.com.br\/en\/wp-json\/wp\/v2\/tags?post=185618"}],"curies":[{"name":"wp","href":"https:\/\/api.w.org\/{rel}","templated":true}]}}