{"id":186761,"date":"2023-07-30T08:59:32","date_gmt":"2023-07-30T11:59:32","guid":{"rendered":"https:\/\/portalpopmais.com.br\/?p=186761"},"modified":"2023-07-30T08:59:46","modified_gmt":"2023-07-30T11:59:46","slug":"pedro-agressao-preparador-fisico-flamengo","status":"publish","type":"post","link":"https:\/\/portalpopmais.com.br\/en\/pedro-agressao-preparador-fisico-flamengo\/","title":{"rendered":"Pedro, do Flamengo, leva soco de preparador f\u00edsico do time e caso vai parar na delegacia"},"content":{"rendered":"<p>O jogador Pedro, do <strong><a href=\"https:\/\/portalpopmais.com.br\/en\/saiba-como-assistir-ao-jogo-flamengo-x-fortaleza-pela-serie-a-do-brasileirao\/\" data-type=\"post\" data-id=\"184384\">Flamengo<\/a><\/strong>, recebeu um soco no rosto do preparador f\u00edsico do seu clube, o argentino Pablo Fernandez. O epis\u00f3dio ocasionou um corte na boca do atleta.<\/p>\n\n\n\n<p>Fernandez questionou o atacante por ter sentado no banco ap\u00f3s as entradas de Luiz Ara\u00fajo e Everton Cebolinha e n\u00e3o gostou de ser retrucado pelo atleta, tendo por isso agredido o camisa 9 rubro-negro.<\/p>\n\n\n\n<p>Em suas <a href=\"http:\/\/Instagram.com\/portalpopmais\" target=\"_blank\" rel=\"noopener\">redes sociais<\/a>, Pedro comentou sobre o ocorrido: \u201cCovardemente, sem motivo e inexplicavelmente, fui agredido, com um soco no rosto, por Pablo Fernandez, membro da comiss\u00e3o t\u00e9cnica do Sampaoli\u201d, escreveu o jogador.<\/p>\n\n\n\n<p>A agress\u00e3o teria acontecido no vesti\u00e1rio, logo ap\u00f3s a vit\u00f3ria do Flamengo contra o Atl\u00e9tico-MG por 2 a 1, neste s\u00e1bado (29). No texto que publicou, o atacante citou os \u201cescassos minutos recebidos nos \u00faltimos jogos\u201d mas destacou que \u201co que aconteceu hoje foi mais grave do que pode acontecer dentro das quatro linhas\u201d.<\/p>\n\n\n\n<figure class=\"wp-block-embed aligncenter is-type-rich is-provider-instagram wp-block-embed-instagram\"><div class=\"wp-block-embed__wrapper\">\nhttps:\/\/www.instagram.com\/p\/CvTlnXiMvbJ\/?igshid=MzRlODBiNWFlZA==\n<\/div><\/figure>\n\n\n\n<h2 class=\"wp-block-heading\">Caso de pol\u00edcia<\/h2>\n\n\n\n<p>Pedro registrou na pol\u00edcia de Minas Gerais a agress\u00e3o sofrida ap\u00f3s a vit\u00f3ria do Flamengo sobre o Atl\u00e9tico-MG. Na madrugada deste domingo, o jogador prestou depoimento sobre caso protagonizado pelo preparador f\u00edsico Pablo Fern\u00e1ndez. O argentino n\u00e3o foi preso.<\/p>\n\n\n\n<p>A diretoria do Flamengo se re\u00fane neste domingo (30) para tratar do caso, segundo reportou o ge.<\/p>\n\n\n\n<figure class=\"wp-block-embed aligncenter is-type-rich is-provider-instagram wp-block-embed-instagram\"><div class=\"wp-block-embed__wrapper\">\nhttps:\/\/www.instagram.com\/p\/CvT0USWMB-k\/?igshid=MzRlODBiNWFlZA==\n<\/div><\/figure>","protected":false},"excerpt":{"rendered":"<p>O jogador Pedro, do Flamengo, recebeu um soco no rosto do preparador f\u00edsico do seu clube, o argentino Pablo Fernandez. O epis\u00f3dio ocasionou um corte na boca do atleta. Fernandez questionou o atacante por ter sentado no banco ap\u00f3s as entradas de Luiz Ara\u00fajo e Everton Cebolinha e n\u00e3o gostou de ser retrucado pelo atleta, [&hellip;]<\/p>\n","protected":false},"author":2,"featured_media":186763,"comment_status":"closed","ping_status":"open","sticky":false,"template":"","format":"standard","meta":{"footnotes":""},"categories":[2165],"tags":[2365],"class_list":["post-186761","post","type-post","status-publish","format-standard","has-post-thumbnail","hentry","category-noticias","tag-flamengo"],"_links":{"self":[{"href":"https:\/\/portalpopmais.com.br\/en\/wp-json\/wp\/v2\/posts\/186761","targetHints":{"allow":["GET"]}}],"collection":[{"href":"https:\/\/portalpopmais.com.br\/en\/wp-json\/wp\/v2\/posts"}],"about":[{"href":"https:\/\/portalpopmais.com.br\/en\/wp-json\/wp\/v2\/types\/post"}],"author":[{"embeddable":true,"href":"https:\/\/portalpopmais.com.br\/en\/wp-json\/wp\/v2\/users\/2"}],"replies":[{"embeddable":true,"href":"https:\/\/portalpopmais.com.br\/en\/wp-json\/wp\/v2\/comments?post=186761"}],"version-history":[{"count":0,"href":"https:\/\/portalpopmais.com.br\/en\/wp-json\/wp\/v2\/posts\/186761\/revisions"}],"wp:featuredmedia":[{"embeddable":true,"href":"https:\/\/portalpopmais.com.br\/en\/wp-json\/wp\/v2\/media\/186763"}],"wp:attachment":[{"href":"https:\/\/portalpopmais.com.br\/en\/wp-json\/wp\/v2\/media?parent=186761"}],"wp:term":[{"taxonomy":"category","embeddable":true,"href":"https:\/\/portalpopmais.com.br\/en\/wp-json\/wp\/v2\/categories?post=186761"},{"taxonomy":"post_tag","embeddable":true,"href":"https:\/\/portalpopmais.com.br\/en\/wp-json\/wp\/v2\/tags?post=186761"}],"curies":[{"name":"wp","href":"https:\/\/api.w.org\/{rel}","templated":true}]}}