{"id":187564,"date":"2023-08-09T09:14:48","date_gmt":"2023-08-09T12:14:48","guid":{"rendered":"https:\/\/portalpopmais.com.br\/?p=187564"},"modified":"2023-08-09T09:15:02","modified_gmt":"2023-08-09T12:15:02","slug":"aliado-de-bolsonaro-pf-prende-silvinei-vasques-investigado-por-interferencia-no-2o-turno","status":"publish","type":"post","link":"https:\/\/portalpopmais.com.br\/en\/aliado-de-bolsonaro-pf-prende-silvinei-vasques-investigado-por-interferencia-no-2o-turno\/","title":{"rendered":"Aliado de Bolsonaro, PF prende Silvinei Vasques, investigado por interfer\u00eancia no 2\u00ba turno"},"content":{"rendered":"<p>O ex-diretor-geral da Pol\u00edcia Rodovi\u00e1ria Federal (PRF), <strong><a href=\"https:\/\/portalpopmais.com.br\/en\/silvinei-vasques-diretor-prf-exonerado\/\" data-type=\"post\" data-id=\"155338\">Silvinei Vasques<\/a><\/strong>, foi preso pela Pol\u00edcia Federal (PF), na manh\u00e3 desta quarta-feira (9), em Florian\u00f3polis, em investiga\u00e7\u00e3o sobre interfer\u00eancia no segundo turno das elei\u00e7\u00f5es de 2022. As informa\u00e7\u00f5es s\u00e3o da <a href=\"http:\/\/www.cnnbrasil.com.br\" target=\"_blank\" rel=\"noopener\">CNN Brasil<\/a>.<\/p>\n\n\n\n<p>Silvinei comandava a corpora\u00e7\u00e3o \u00e0 \u00e9poca e j\u00e1 estava detido na capital catarinense e agora est\u00e1 sendo levado para Bras\u00edlia. <\/p>\n\n\n\n<p>A pris\u00e3o do ex-diretor-geral ocorreu no \u00e2mbito da Opera\u00e7\u00e3o Constitui\u00e7\u00e3o Cidad\u00e3, que ainda cumpre 10 mandados de busca e apreens\u00e3o em Santa Catarina, Rio Grande do Sul, Distrito Federal e Rio Grande do Norte.<\/p>\n\n\n\n<p>A opera\u00e7\u00e3o tamb\u00e9m contou com o apoio da Corregedoria-Geral da PRF, que determinou tamb\u00e9m a oitiva de 47 policiais rodovi\u00e1rios federais.<\/p>\n\n\n\n<p>Os mandados foram expedidos pelo ministro do Supremo Tribunal Federal (STF) Alexandre de Moraes.<\/p>","protected":false},"excerpt":{"rendered":"<p>O ex-diretor-geral da Pol\u00edcia Rodovi\u00e1ria Federal (PRF), Silvinei Vasques, foi preso pela Pol\u00edcia Federal (PF), na manh\u00e3 desta quarta-feira (9), em Florian\u00f3polis, em investiga\u00e7\u00e3o sobre interfer\u00eancia no segundo turno das elei\u00e7\u00f5es de 2022. As informa\u00e7\u00f5es s\u00e3o da CNN Brasil. Silvinei comandava a corpora\u00e7\u00e3o \u00e0 \u00e9poca e j\u00e1 estava detido na capital catarinense e agora est\u00e1 [&hellip;]<\/p>\n","protected":false},"author":2,"featured_media":187565,"comment_status":"closed","ping_status":"open","sticky":false,"template":"","format":"standard","meta":{"footnotes":""},"categories":[2165],"tags":[12687],"class_list":["post-187564","post","type-post","status-publish","format-standard","has-post-thumbnail","hentry","category-noticias","tag-silvinei-vasques"],"_links":{"self":[{"href":"https:\/\/portalpopmais.com.br\/en\/wp-json\/wp\/v2\/posts\/187564","targetHints":{"allow":["GET"]}}],"collection":[{"href":"https:\/\/portalpopmais.com.br\/en\/wp-json\/wp\/v2\/posts"}],"about":[{"href":"https:\/\/portalpopmais.com.br\/en\/wp-json\/wp\/v2\/types\/post"}],"author":[{"embeddable":true,"href":"https:\/\/portalpopmais.com.br\/en\/wp-json\/wp\/v2\/users\/2"}],"replies":[{"embeddable":true,"href":"https:\/\/portalpopmais.com.br\/en\/wp-json\/wp\/v2\/comments?post=187564"}],"version-history":[{"count":0,"href":"https:\/\/portalpopmais.com.br\/en\/wp-json\/wp\/v2\/posts\/187564\/revisions"}],"wp:featuredmedia":[{"embeddable":true,"href":"https:\/\/portalpopmais.com.br\/en\/wp-json\/wp\/v2\/media\/187565"}],"wp:attachment":[{"href":"https:\/\/portalpopmais.com.br\/en\/wp-json\/wp\/v2\/media?parent=187564"}],"wp:term":[{"taxonomy":"category","embeddable":true,"href":"https:\/\/portalpopmais.com.br\/en\/wp-json\/wp\/v2\/categories?post=187564"},{"taxonomy":"post_tag","embeddable":true,"href":"https:\/\/portalpopmais.com.br\/en\/wp-json\/wp\/v2\/tags?post=187564"}],"curies":[{"name":"wp","href":"https:\/\/api.w.org\/{rel}","templated":true}]}}