{"id":187723,"date":"2023-08-10T09:38:49","date_gmt":"2023-08-10T12:38:49","guid":{"rendered":"https:\/\/portalpopmais.com.br\/?p=187723"},"modified":"2023-08-10T09:39:02","modified_gmt":"2023-08-10T12:39:02","slug":"felipeh-campos-esculacha-zeca-camargo-ao-vivo-precisa-tomar-banho-veja-video","status":"publish","type":"post","link":"https:\/\/portalpopmais.com.br\/en\/felipeh-campos-esculacha-zeca-camargo-ao-vivo-precisa-tomar-banho-veja-video\/","title":{"rendered":"Felipeh Campos esculacha Zeca Camargo ao vivo: &#8220;Precisa tomar banho&#8221;; veja v\u00eddeo"},"content":{"rendered":"<p>O jornalista <strong><a href=\"https:\/\/portalpopmais.com.br\/en\/felipeh-campos-detona-juliette-nao-e-artista\/\" data-type=\"post\" data-id=\"154626\">Felipeh Campos<\/a><\/strong> detonou o apresentador Zeca Camargo, durante a sua participa\u00e7\u00e3o no \u2018Link Podcast&#8217;. O comunincador soltou o verbo sobre o per\u00edodo em que Zeca esteve a frente do &#8216;Fant\u00e1stico&#8217;, ap\u00f3s uma das apresentadoras presente afirmar que prefere o &#8216;Domingo Espetacular&#8217;.<\/p>\n\n\n\n<p>\u201cEu tamb\u00e9m prefiro o \u2018Domingo Espetacular\u2019. Dez mil vezes! Eu nunca gostei de \u2018Fant\u00e1stico\u2019. Eu gostava mesmo do \u2018Fant\u00e1stico\u2019 quando era com o Pedro Bial e a Gl\u00f3ria Maria. Nessa \u00e9poca eu at\u00e9 que gostava do programa, pois era muito legal\u201d, disse Campos.<\/p>\n\n\n\n<p>\u201cDepois entrou o Zeca Camargo, mas eu acho ele meio bobo. Primeiro ele precisar tomar um banho e fazer a barba. Primeiro ele precisa dar uma higienizada para depois se tornar jornalista e apresentador de televis\u00e3o\u201d, <a href=\"http:\/\/twitter.com\/sitepopmais\" target=\"_blank\" rel=\"noopener\">finalizou<\/a>.<\/p>\n\n\n\n<center><blockquote class=\"twitter-tweet\"><p lang=\"pt\" dir=\"ltr\">Felipeh Campos sobre Zeca Camargo: &quot;precisa dar uma higienizada&quot; <br><br>Imagem: Link Podcast <a href=\"https:\/\/t.co\/Xh7ctRINV4\">pic.twitter.com\/Xh7ctRINV4<\/a><\/p>&mdash; Eduardo Moura (@eduardomouraof) <a href=\"https:\/\/twitter.com\/eduardomouraof\/status\/1689258300376829952?ref_src=twsrc%5Etfw\" target=\"_blank\" rel=\"noopener\">August 9, 2023<\/a><\/blockquote> <script async src=\"https:\/\/platform.twitter.com\/widgets.js\" charset=\"utf-8\"><\/script><\/center>","protected":false},"excerpt":{"rendered":"<p>O jornalista Felipeh Campos detonou o apresentador Zeca Camargo, durante a sua participa\u00e7\u00e3o no \u2018Link Podcast&#8217;. O comunincador soltou o verbo sobre o per\u00edodo em que Zeca esteve a frente do &#8216;Fant\u00e1stico&#8217;, ap\u00f3s uma das apresentadoras presente afirmar que prefere o &#8216;Domingo Espetacular&#8217;. \u201cEu tamb\u00e9m prefiro o \u2018Domingo Espetacular\u2019. Dez mil vezes! Eu nunca gostei [&hellip;]<\/p>\n","protected":false},"author":2,"featured_media":187724,"comment_status":"closed","ping_status":"open","sticky":false,"template":"","format":"standard","meta":{"footnotes":""},"categories":[173],"tags":[11219],"class_list":["post-187723","post","type-post","status-publish","format-standard","has-post-thumbnail","hentry","category-celebridades","tag-felipeh-campos"],"_links":{"self":[{"href":"https:\/\/portalpopmais.com.br\/en\/wp-json\/wp\/v2\/posts\/187723","targetHints":{"allow":["GET"]}}],"collection":[{"href":"https:\/\/portalpopmais.com.br\/en\/wp-json\/wp\/v2\/posts"}],"about":[{"href":"https:\/\/portalpopmais.com.br\/en\/wp-json\/wp\/v2\/types\/post"}],"author":[{"embeddable":true,"href":"https:\/\/portalpopmais.com.br\/en\/wp-json\/wp\/v2\/users\/2"}],"replies":[{"embeddable":true,"href":"https:\/\/portalpopmais.com.br\/en\/wp-json\/wp\/v2\/comments?post=187723"}],"version-history":[{"count":0,"href":"https:\/\/portalpopmais.com.br\/en\/wp-json\/wp\/v2\/posts\/187723\/revisions"}],"wp:featuredmedia":[{"embeddable":true,"href":"https:\/\/portalpopmais.com.br\/en\/wp-json\/wp\/v2\/media\/187724"}],"wp:attachment":[{"href":"https:\/\/portalpopmais.com.br\/en\/wp-json\/wp\/v2\/media?parent=187723"}],"wp:term":[{"taxonomy":"category","embeddable":true,"href":"https:\/\/portalpopmais.com.br\/en\/wp-json\/wp\/v2\/categories?post=187723"},{"taxonomy":"post_tag","embeddable":true,"href":"https:\/\/portalpopmais.com.br\/en\/wp-json\/wp\/v2\/tags?post=187723"}],"curies":[{"name":"wp","href":"https:\/\/api.w.org\/{rel}","templated":true}]}}