{"id":187839,"date":"2023-08-11T17:12:50","date_gmt":"2023-08-11T20:12:50","guid":{"rendered":"https:\/\/portalpopmais.com.br\/?p=187839"},"modified":"2023-08-11T17:13:01","modified_gmt":"2023-08-11T20:13:01","slug":"ferri-homenageia-filho-em-a-carta","status":"publish","type":"post","link":"https:\/\/portalpopmais.com.br\/en\/ferri-homenageia-filho-em-a-carta\/","title":{"rendered":"Ferri homenageia seu filho no single \u201cA Carta\u201d"},"content":{"rendered":"<p>Na espera de seu primeiro filho,<strong> <\/strong>o cantor e compositor <strong><a href=\"https:\/\/portalpopmais.com.br\/en\/lancamentos-11-de-agosto-de-2023\/\" data-type=\"post\" data-id=\"187781\">Ferri<\/a><\/strong> n\u00e3o v\u00ea a hora de segurar o primog\u00eanito em seus bra\u00e7os e, por isso, escreveu o single <a href=\"https:\/\/www.instagram.com\/portalpopmais\/\" target=\"_blank\" rel=\"noopener\"><strong>\u201cA Carta\u201d<\/strong> <\/a>como uma homenagem a ele. A faixa, que estreou em todas as plataformas digitais nesta sexta-feira (11), j\u00e1 se consagra como uma homenagem para o Dia dos Pais.\u00a0<\/p>\n\n\n\n<p><strong>Leia Mais:<br><a href=\"https:\/\/portalpopmais.com.br\/en\/hugo-henrique-vao-falar-que-foi-sorte\/\">Hugo Henrique lan\u00e7a \u201cV\u00e3o Falar Que Foi Sorte\u201d ao lado de Gustavo Mioto; veja letra<\/a><br><a href=\"https:\/\/portalpopmais.com.br\/en\/notas-escolares-de-mc-melody-sao-divulgadas\/\">Notas escolares de MC Melody s\u00e3o divulgadas e chocam internautas<\/a><br><a href=\"https:\/\/portalpopmais.com.br\/en\/xuxa-toma-quatro-banhos-no-dia\/\">Xuxa revela que toma quatro banhos no dia; \u00e0s vezes se machuca<\/a><\/strong><\/p>\n\n\n\n<p><em>\u201cEu te quero a tanto tempo\/Fala a\u00ed para Deus que voc\u00ea quer vir correndo\/Que eu j\u00e1 aqui j\u00e1 preparei todo o terreno\/ Vai ter todo amor que voc\u00ea precisa\u201d, <\/em>canta o artista no refr\u00e3o.&nbsp;<\/p>\n\n\n\n<p>\u201cEu escrevi essa m\u00fasica antes de saber que ia ser pai, pois sempre tive a vontade de realizar esse sonho. \u2018A Carta\u2019 acabou sendo a primeira faixa do projeto que compus e,\u00a0quatro meses depois, minha esposa veio com esse presente para nossa vida\u201d, contou o cantor.\u00a0<\/p>\n\n\n\n<p>A expectativa para este lan\u00e7amento \u00e9 que todos os pais ao ouvirem se sintam homenageados. \u201c\u00c9 uma forma de declararmos o nosso amor e \u00e9 uma m\u00fasica que traz essa linguagem de pai, falando sobre a viv\u00eancia durante essa fase\u201d, completa Ferri.&nbsp;<\/p>\n\n\n\n<p>Esta \u00e9 a terceira faixa do \u00e1lbum <strong><a href=\"https:\/\/portalpopmais.com.br\/en\/\">&#8220;+POP&#8221;<\/a><\/strong> &#8211; primeiro trabalho do cantor que transita para o g\u00eanero POP. Al\u00e9m disso, o projeto traz a sua atual identidade e a forma que buscou cantar, interpretar e falar em suas m\u00fasicas.\u00a0<\/p>\n\n\n\n<p>Ferri j\u00e1 divulgou <a href=\"https:\/\/onerpm.link\/992600931225\" target=\"_blank\" rel=\"noopener\"><strong>\u201cUm Cara Completo\u201d<\/strong><\/a> e <a href=\"https:\/\/onerpm.link\/927440375054\" target=\"_blank\" rel=\"noopener\"><strong>\u201cAgora Fica\u201d<\/strong><\/a>. E, ao longo deste segundo semestre, ainda ser\u00e3o lan\u00e7adas as demais faixas que comp\u00f5em o \u00e1lbum. Acompanhe @roferri no Instagram e fique por dentro de todas as novidades.<\/p>\n\n\n\n<figure class=\"wp-block-embed is-type-rich is-provider-spotify wp-block-embed-spotify wp-embed-aspect-21-9 wp-has-aspect-ratio\"><div class=\"wp-block-embed__wrapper\">\n<iframe title=\"Spotify Embed: A Carta\" style=\"border-radius: 12px\" width=\"100%\" height=\"352\" frameborder=\"0\" allowfullscreen allow=\"autoplay; clipboard-write; encrypted-media; fullscreen; picture-in-picture\" loading=\"lazy\" src=\"https:\/\/open.spotify.com\/embed\/album\/36SUf11Op7n4bcgueh2O4R?utm_source=oembed\"><\/iframe>\n<\/div><\/figure>","protected":false},"excerpt":{"rendered":"<p>Na espera de seu primeiro filho, o cantor e compositor Ferri n\u00e3o v\u00ea a hora de segurar o primog\u00eanito em seus bra\u00e7os e, por isso, escreveu o single \u201cA Carta\u201d como uma homenagem a ele. A faixa, que estreou em todas as plataformas digitais nesta sexta-feira (11), j\u00e1 se consagra como uma homenagem para o [&hellip;]<\/p>\n","protected":false},"author":2,"featured_media":187843,"comment_status":"closed","ping_status":"open","sticky":false,"template":"","format":"standard","meta":{"footnotes":""},"categories":[154],"tags":[15410,15409],"class_list":["post-187839","post","type-post","status-publish","format-standard","has-post-thumbnail","hentry","category-musica","tag-a-carta","tag-ferri"],"_links":{"self":[{"href":"https:\/\/portalpopmais.com.br\/en\/wp-json\/wp\/v2\/posts\/187839","targetHints":{"allow":["GET"]}}],"collection":[{"href":"https:\/\/portalpopmais.com.br\/en\/wp-json\/wp\/v2\/posts"}],"about":[{"href":"https:\/\/portalpopmais.com.br\/en\/wp-json\/wp\/v2\/types\/post"}],"author":[{"embeddable":true,"href":"https:\/\/portalpopmais.com.br\/en\/wp-json\/wp\/v2\/users\/2"}],"replies":[{"embeddable":true,"href":"https:\/\/portalpopmais.com.br\/en\/wp-json\/wp\/v2\/comments?post=187839"}],"version-history":[{"count":0,"href":"https:\/\/portalpopmais.com.br\/en\/wp-json\/wp\/v2\/posts\/187839\/revisions"}],"wp:featuredmedia":[{"embeddable":true,"href":"https:\/\/portalpopmais.com.br\/en\/wp-json\/wp\/v2\/media\/187843"}],"wp:attachment":[{"href":"https:\/\/portalpopmais.com.br\/en\/wp-json\/wp\/v2\/media?parent=187839"}],"wp:term":[{"taxonomy":"category","embeddable":true,"href":"https:\/\/portalpopmais.com.br\/en\/wp-json\/wp\/v2\/categories?post=187839"},{"taxonomy":"post_tag","embeddable":true,"href":"https:\/\/portalpopmais.com.br\/en\/wp-json\/wp\/v2\/tags?post=187839"}],"curies":[{"name":"wp","href":"https:\/\/api.w.org\/{rel}","templated":true}]}}